{"id":2448,"date":"2011-02-18T10:25:58","date_gmt":"2011-02-18T13:25:58","guid":{"rendered":"http:\/\/www.mrtrader.com.ar\/?p=2448"},"modified":"2012-03-29T23:06:05","modified_gmt":"2012-03-30T02:06:05","slug":"jubilacin-ajuste-y-coeficientes-marzo-2011","status":"publish","type":"post","link":"http:\/\/www.mrtrader.com.ar\/?p=2448","title":{"rendered":"Jubilaci&oacute;n, ajuste y coeficientes marzo 2011"},"content":{"rendered":"<p>Art\u00edculo 1\u00ba \u2014 Apru\u00e9banse los coeficientes de actualizaci\u00f3n de las remuneraciones mensuales percibidas por los afiliados que hubiesen prestado tareas en relaci\u00f3n de dependencia, <span style=\"color: #0080ff;\">cesados a partir del 28 de febrero de 2011 o contin\u00faen en actividad a partir del 1\u00ba de marzo de 2011<\/span>. Los mismos integran la presente como ANEXO.<\/p>\n<p><!--more--><\/p>\n<p>Art. 2\u00ba \u2014 Las remuneraciones de los afiliados que cesaren en la actividad a partir del 28 de febrero de 2011 o los que, encontr\u00e1ndose encuadrados en la compatibilidad establecida por el art\u00edculo 34 de la Ley N\u00ba 24.241, contin\u00faen en actividad y solicitaren el beneficio a partir del 1\u00ba de marzo de 2011, se actualizar\u00e1n a los fines establecidos por el art\u00edculo 24, inciso a) de la Ley N\u00ba 24.241, texto seg\u00fan el art\u00edculo 12 de la Ley N\u00ba 26.417, mediante la aplicaci\u00f3n de los coeficientes elaborados seg\u00fan las pautas fijadas por la Resoluci\u00f3n SSS N\u00ba 6\/09, los cuales fueron aprobados por el art\u00edculo anterior.<\/p>\n<p>Art. 3\u00ba \u2014 La actualizaci\u00f3n de las remuneraciones prevista en los art\u00edculos precedentes, se practicar\u00e1 multiplicando las mismas por el coeficiente que corresponda al a\u00f1o y al mes en que se devengaron.<\/p>\n<p>Art. 4\u00ba \u2014 <span style=\"color: #0080ff;\">Establ\u00e9cese que el valor de la movilidad<\/span> prevista en el art\u00edculo 32 de la Ley N\u00ba 24.241 correspondiente al mes de marzo de 2011 es de <span style=\"color: #400040;\">DIECISIETE CON TREINTA Y TRES CENTESIMOS POR CIENTO <\/span><span style=\"text-decoration: underline;\">(17,33%)<\/span> para las prestaciones mencionadas en el art\u00edculo 2\u00ba de la Resoluci\u00f3n SSS N\u00ba 6\/09, el cual se aplicar\u00e1 al haber mensual total de cada una de ellas, que se devengue o hubiese correspondido <span style=\"text-decoration: underline;\">devengar al mes de febrero de 2011<\/span>.<\/p>\n<p>Art. 5\u00ba \u2014 <span style=\"color: #0080ff;\">El haber m\u00ednimo garantizado<\/span> vigente a partir del mes de marzo de 2011 establecido de conformidad con las previsiones del art\u00edculo 8\u00ba de la Ley N\u00ba 26.417 ser\u00e1 de<span style=\"color: #400040;\">PESOS UN MIL DOSCIENTOS VEINTISIETE CON SETENTA Y OCHO CENTAVOS<\/span><span style=\"text-decoration: underline;\"><span style=\"color: #ff0000;\"> ($ 1.227,78)<\/span><\/span>. Dicho haber alcanza tambi\u00e9n a las prestaciones otorgadas en el marco del Decreto N\u00ba 137\/05, cuando el monto total de la prestaci\u00f3n, incrementado por la movilidad docente instituida por la Resoluci\u00f3n SSS N\u00ba 14\/09, no supere el importe del mencionado haber m\u00ednimo garantizado conforme lo dispuesto por el art\u00edculo 125 de la Ley N\u00ba 24.241 (texto seg\u00fan Ley N\u00ba 26.222).<\/p>\n<p>Art. 6\u00ba \u2014 <span style=\"color: #0080ff;\">El haber m\u00e1ximo<\/span> vigente a partir del mes de marzo de 2011 establecido de conformidad con las previsiones del art\u00edculo 9\u00ba de la Ley N\u00ba 26.417 ser\u00e1 de<span style=\"color: #400040;\"> PESOS OCHO MIL NOVECIENTOS NOVENTA Y CUATRO CON NOVENTA Y CINCO CENTAVOS <\/span><span style=\"text-decoration: underline;\"><span style=\"color: #ff0000;\">($ 8.994,95). <\/span><\/span><\/p>\n<p>Art. 7\u00ba \u2014 <span style=\"color: #0080ff;\">La base imponible m\u00ednima y m\u00e1xima previstas<\/span> en el primer p\u00e1rrafo del art\u00edculo 9\u00ba de la Ley N\u00ba 24.241, texto seg\u00fan la Ley N\u00ba 26.222, queda establecida en la suma de<span style=\"color: #400040;\">PESOS TRECE MIL OCHOCIENTOS SETENTA Y NUEVE CON VEINTICINCO CENTAVOS<\/span> <span style=\"text-decoration: underline;\"><span style=\"color: #ff0000;\">($ 13.879,25)<\/span><\/span><span style=\"color: #400040;\"> y PESOS CUATROCIENTOS VEINTISIETE CON SEIS CENTAVOS<\/span> <span style=\"text-decoration: underline;\"><span style=\"color: #ff0000;\">($ 427,06)<\/span><\/span> respectivamente, a partir del per\u00edodo devengado, marzo de 2011.<\/p>\n<p>Art. 8\u00ba \u2014 Establ\u00e9cese el importe de la<span style=\"color: #0080ff;\"> Prestaci\u00f3n B\u00e1sica Universal (PBU)<\/span> prevista en el art\u00edculo 19 de la Ley N\u00ba 24.241, aplicable a partir del mes de marzo de 2011, en la suma de<span style=\"color: #400040;\">PESOS QUINIENTOS OCHENTA CON SEIS CENTAVOS <\/span><span style=\"text-decoration: underline;\"><span style=\"color: #ff0000;\">($ 580,06)<\/span><\/span>.<\/p>\n<p>Art. 9\u00ba \u2014 La Gerencia Dise\u00f1o de Normas y Procesos deber\u00e1 elaborar y aprobar las normas de procedimiento que fueren necesarias para implementar lo dispuesto por la presente resoluci\u00f3n.<\/p>\n<p>Art. 10. \u2014 Reg\u00edstrese, comun\u00edquese, publ\u00edquese, d\u00e9se a la DIRECCION NACIONAL DEL REGISTRO OFICIAL y oportunamente, arch\u00edvese.<\/p>\n<p><a href=\"https:\/\/sites.google.com\/site\/gmrtrader\/ANSES_58-11.pdf\" rel=\"nofollow\" target=\"_blank\"><strong>Click aqu\u00ed para bajar tabla de coeficientes para c\u00e1lculo del sueldo promedio<\/strong><\/a><\/p>\n<h3>Ver m\u00e1s:<\/h3>\n<h3><a href=\"http:\/\/www.mrtrader.com.ar\/?p=893\">Como se calcula la jubilaci\u00f3n y movilidad, \u00bfcuanto cobrar\u00e9?<\/a><\/h3>\n","protected":false},"excerpt":{"rendered":"<p>Art\u00edculo 1\u00ba \u2014 Apru\u00e9banse los coeficientes de actualizaci\u00f3n de las remuneraciones mensuales percibidas por los afiliados que hubiesen prestado tareas en relaci\u00f3n de dependencia, cesados a partir del 28 de febrero de 2011 o contin\u00faen en actividad a partir del 1\u00ba de marzo de 2011. Los mismos integran la presente como ANEXO.<\/p>\n","protected":false},"author":1,"featured_media":0,"comment_status":"closed","ping_status":"open","sticky":false,"template":"","format":"standard","meta":[],"categories":[54,42,1132],"tags":[935,934],"yoast_head":"<!-- This site is optimized with the Yoast SEO plugin v19.10 - https:\/\/yoast.com\/wordpress\/plugins\/seo\/ -->\n<title>Jubilaci&oacute;n, ajuste y coeficientes marzo 2011 - M r. T r a d e r<\/title>\n<meta name=\"robots\" content=\"index, follow, max-snippet:-1, max-image-preview:large, max-video-preview:-1\" \/>\n<link rel=\"canonical\" href=\"http:\/\/www.mrtrader.com.ar\/?p=2448\" \/>\n<meta property=\"og:locale\" content=\"es_ES\" \/>\n<meta property=\"og:type\" content=\"article\" \/>\n<meta property=\"og:title\" content=\"Jubilaci&oacute;n, ajuste y coeficientes marzo 2011 - M r. T r a d e r\" \/>\n<meta property=\"og:description\" content=\"Art\u00edculo 1\u00ba \u2014 Apru\u00e9banse los coeficientes de actualizaci\u00f3n de las remuneraciones mensuales percibidas por los afiliados que hubiesen prestado tareas en relaci\u00f3n de dependencia, cesados a partir del 28 de febrero de 2011 o contin\u00faen en actividad a partir del 1\u00ba de marzo de 2011. Los mismos integran la presente como ANEXO.\" \/>\n<meta property=\"og:url\" content=\"http:\/\/www.mrtrader.com.ar\/?p=2448\" \/>\n<meta property=\"og:site_name\" content=\"M r. T r a d e r\" \/>\n<meta property=\"article:published_time\" content=\"2011-02-18T13:25:58+00:00\" \/>\n<meta property=\"article:modified_time\" content=\"2012-03-30T02:06:05+00:00\" \/>\n<meta name=\"author\" content=\"Mr. Trade\" \/>\n<meta name=\"twitter:card\" content=\"summary_large_image\" \/>\n<meta name=\"twitter:label1\" content=\"Escrito por\" \/>\n\t<meta name=\"twitter:data1\" content=\"Mr. Trade\" \/>\n\t<meta name=\"twitter:label2\" content=\"Tiempo de lectura\" \/>\n\t<meta name=\"twitter:data2\" content=\"3 minutos\" \/>\n<script type=\"application\/ld+json\" class=\"yoast-schema-graph\">{\"@context\":\"https:\/\/schema.org\",\"@graph\":[{\"@type\":\"Article\",\"@id\":\"http:\/\/www.mrtrader.com.ar\/?p=2448#article\",\"isPartOf\":{\"@id\":\"http:\/\/www.mrtrader.com.ar\/?p=2448\"},\"author\":{\"name\":\"Mr. Trade\",\"@id\":\"https:\/\/www.mrtrader.com.ar\/#\/schema\/person\/5926826635e39cc691acca716926984f\"},\"headline\":\"Jubilaci&oacute;n, ajuste y coeficientes marzo 2011\",\"datePublished\":\"2011-02-18T13:25:58+00:00\",\"dateModified\":\"2012-03-30T02:06:05+00:00\",\"mainEntityOfPage\":{\"@id\":\"http:\/\/www.mrtrader.com.ar\/?p=2448\"},\"wordCount\":580,\"publisher\":{\"@id\":\"https:\/\/www.mrtrader.com.ar\/#organization\"},\"keywords\":[\"coeficientes de movilidad\",\"Jubilaci\u00f3n marzo 2011\"],\"articleSection\":[\"Argentina\",\"Impuestos\",\"Jubilaci\u00f3n\"],\"inLanguage\":\"es\"},{\"@type\":\"WebPage\",\"@id\":\"http:\/\/www.mrtrader.com.ar\/?p=2448\",\"url\":\"http:\/\/www.mrtrader.com.ar\/?p=2448\",\"name\":\"Jubilaci&oacute;n, ajuste y coeficientes marzo 2011 - M r. T r a d e r\",\"isPartOf\":{\"@id\":\"https:\/\/www.mrtrader.com.ar\/#website\"},\"datePublished\":\"2011-02-18T13:25:58+00:00\",\"dateModified\":\"2012-03-30T02:06:05+00:00\",\"breadcrumb\":{\"@id\":\"http:\/\/www.mrtrader.com.ar\/?p=2448#breadcrumb\"},\"inLanguage\":\"es\",\"potentialAction\":[{\"@type\":\"ReadAction\",\"target\":[\"http:\/\/www.mrtrader.com.ar\/?p=2448\"]}]},{\"@type\":\"BreadcrumbList\",\"@id\":\"http:\/\/www.mrtrader.com.ar\/?p=2448#breadcrumb\",\"itemListElement\":[{\"@type\":\"ListItem\",\"position\":1,\"name\":\"Portada\",\"item\":\"https:\/\/www.mrtrader.com.ar\/\"},{\"@type\":\"ListItem\",\"position\":2,\"name\":\"Jubilaci&oacute;n, ajuste y coeficientes marzo 2011\"}]},{\"@type\":\"WebSite\",\"@id\":\"https:\/\/www.mrtrader.com.ar\/#website\",\"url\":\"https:\/\/www.mrtrader.com.ar\/\",\"name\":\"M r. T r a d e r\",\"description\":\"Entusiasmo por la verdad y el conocimiento\",\"publisher\":{\"@id\":\"https:\/\/www.mrtrader.com.ar\/#organization\"},\"potentialAction\":[{\"@type\":\"SearchAction\",\"target\":{\"@type\":\"EntryPoint\",\"urlTemplate\":\"https:\/\/www.mrtrader.com.ar\/?s={search_term_string}\"},\"query-input\":\"required name=search_term_string\"}],\"inLanguage\":\"es\"},{\"@type\":\"Organization\",\"@id\":\"https:\/\/www.mrtrader.com.ar\/#organization\",\"name\":\"M r. T r a d e r\",\"url\":\"https:\/\/www.mrtrader.com.ar\/\",\"logo\":{\"@type\":\"ImageObject\",\"inLanguage\":\"es\",\"@id\":\"https:\/\/www.mrtrader.com.ar\/#\/schema\/logo\/image\/\",\"url\":\"http:\/\/www.mrtrader.com.ar\/wp-content\/uploads\/2022\/11\/mrt_negro2.png\",\"contentUrl\":\"http:\/\/www.mrtrader.com.ar\/wp-content\/uploads\/2022\/11\/mrt_negro2.png\",\"width\":233,\"height\":86,\"caption\":\"M r. T r a d e r\"},\"image\":{\"@id\":\"https:\/\/www.mrtrader.com.ar\/#\/schema\/logo\/image\/\"}},{\"@type\":\"Person\",\"@id\":\"https:\/\/www.mrtrader.com.ar\/#\/schema\/person\/5926826635e39cc691acca716926984f\",\"name\":\"Mr. Trade\",\"url\":\"http:\/\/www.mrtrader.com.ar\/?author=1\"}]}<\/script>\n<!-- \/ Yoast SEO plugin. -->","yoast_head_json":{"title":"Jubilaci&oacute;n, ajuste y coeficientes marzo 2011 - M r. T r a d e r","robots":{"index":"index","follow":"follow","max-snippet":"max-snippet:-1","max-image-preview":"max-image-preview:large","max-video-preview":"max-video-preview:-1"},"canonical":"http:\/\/www.mrtrader.com.ar\/?p=2448","og_locale":"es_ES","og_type":"article","og_title":"Jubilaci&oacute;n, ajuste y coeficientes marzo 2011 - M r. T r a d e r","og_description":"Art\u00edculo 1\u00ba \u2014 Apru\u00e9banse los coeficientes de actualizaci\u00f3n de las remuneraciones mensuales percibidas por los afiliados que hubiesen prestado tareas en relaci\u00f3n de dependencia, cesados a partir del 28 de febrero de 2011 o contin\u00faen en actividad a partir del 1\u00ba de marzo de 2011. Los mismos integran la presente como ANEXO.","og_url":"http:\/\/www.mrtrader.com.ar\/?p=2448","og_site_name":"M r. T r a d e r","article_published_time":"2011-02-18T13:25:58+00:00","article_modified_time":"2012-03-30T02:06:05+00:00","author":"Mr. Trade","twitter_card":"summary_large_image","twitter_misc":{"Escrito por":"Mr. Trade","Tiempo de lectura":"3 minutos"},"schema":{"@context":"https:\/\/schema.org","@graph":[{"@type":"Article","@id":"http:\/\/www.mrtrader.com.ar\/?p=2448#article","isPartOf":{"@id":"http:\/\/www.mrtrader.com.ar\/?p=2448"},"author":{"name":"Mr. Trade","@id":"https:\/\/www.mrtrader.com.ar\/#\/schema\/person\/5926826635e39cc691acca716926984f"},"headline":"Jubilaci&oacute;n, ajuste y coeficientes marzo 2011","datePublished":"2011-02-18T13:25:58+00:00","dateModified":"2012-03-30T02:06:05+00:00","mainEntityOfPage":{"@id":"http:\/\/www.mrtrader.com.ar\/?p=2448"},"wordCount":580,"publisher":{"@id":"https:\/\/www.mrtrader.com.ar\/#organization"},"keywords":["coeficientes de movilidad","Jubilaci\u00f3n marzo 2011"],"articleSection":["Argentina","Impuestos","Jubilaci\u00f3n"],"inLanguage":"es"},{"@type":"WebPage","@id":"http:\/\/www.mrtrader.com.ar\/?p=2448","url":"http:\/\/www.mrtrader.com.ar\/?p=2448","name":"Jubilaci&oacute;n, ajuste y coeficientes marzo 2011 - M r. T r a d e r","isPartOf":{"@id":"https:\/\/www.mrtrader.com.ar\/#website"},"datePublished":"2011-02-18T13:25:58+00:00","dateModified":"2012-03-30T02:06:05+00:00","breadcrumb":{"@id":"http:\/\/www.mrtrader.com.ar\/?p=2448#breadcrumb"},"inLanguage":"es","potentialAction":[{"@type":"ReadAction","target":["http:\/\/www.mrtrader.com.ar\/?p=2448"]}]},{"@type":"BreadcrumbList","@id":"http:\/\/www.mrtrader.com.ar\/?p=2448#breadcrumb","itemListElement":[{"@type":"ListItem","position":1,"name":"Portada","item":"https:\/\/www.mrtrader.com.ar\/"},{"@type":"ListItem","position":2,"name":"Jubilaci&oacute;n, ajuste y coeficientes marzo 2011"}]},{"@type":"WebSite","@id":"https:\/\/www.mrtrader.com.ar\/#website","url":"https:\/\/www.mrtrader.com.ar\/","name":"M r. T r a d e r","description":"Entusiasmo por la verdad y el conocimiento","publisher":{"@id":"https:\/\/www.mrtrader.com.ar\/#organization"},"potentialAction":[{"@type":"SearchAction","target":{"@type":"EntryPoint","urlTemplate":"https:\/\/www.mrtrader.com.ar\/?s={search_term_string}"},"query-input":"required name=search_term_string"}],"inLanguage":"es"},{"@type":"Organization","@id":"https:\/\/www.mrtrader.com.ar\/#organization","name":"M r. T r a d e r","url":"https:\/\/www.mrtrader.com.ar\/","logo":{"@type":"ImageObject","inLanguage":"es","@id":"https:\/\/www.mrtrader.com.ar\/#\/schema\/logo\/image\/","url":"http:\/\/www.mrtrader.com.ar\/wp-content\/uploads\/2022\/11\/mrt_negro2.png","contentUrl":"http:\/\/www.mrtrader.com.ar\/wp-content\/uploads\/2022\/11\/mrt_negro2.png","width":233,"height":86,"caption":"M r. T r a d e r"},"image":{"@id":"https:\/\/www.mrtrader.com.ar\/#\/schema\/logo\/image\/"}},{"@type":"Person","@id":"https:\/\/www.mrtrader.com.ar\/#\/schema\/person\/5926826635e39cc691acca716926984f","name":"Mr. Trade","url":"http:\/\/www.mrtrader.com.ar\/?author=1"}]}},"_links":{"self":[{"href":"http:\/\/www.mrtrader.com.ar\/index.php?rest_route=\/wp\/v2\/posts\/2448"}],"collection":[{"href":"http:\/\/www.mrtrader.com.ar\/index.php?rest_route=\/wp\/v2\/posts"}],"about":[{"href":"http:\/\/www.mrtrader.com.ar\/index.php?rest_route=\/wp\/v2\/types\/post"}],"author":[{"embeddable":true,"href":"http:\/\/www.mrtrader.com.ar\/index.php?rest_route=\/wp\/v2\/users\/1"}],"replies":[{"embeddable":true,"href":"http:\/\/www.mrtrader.com.ar\/index.php?rest_route=%2Fwp%2Fv2%2Fcomments&post=2448"}],"version-history":[{"count":5,"href":"http:\/\/www.mrtrader.com.ar\/index.php?rest_route=\/wp\/v2\/posts\/2448\/revisions"}],"predecessor-version":[{"id":3331,"href":"http:\/\/www.mrtrader.com.ar\/index.php?rest_route=\/wp\/v2\/posts\/2448\/revisions\/3331"}],"wp:attachment":[{"href":"http:\/\/www.mrtrader.com.ar\/index.php?rest_route=%2Fwp%2Fv2%2Fmedia&parent=2448"}],"wp:term":[{"taxonomy":"category","embeddable":true,"href":"http:\/\/www.mrtrader.com.ar\/index.php?rest_route=%2Fwp%2Fv2%2Fcategories&post=2448"},{"taxonomy":"post_tag","embeddable":true,"href":"http:\/\/www.mrtrader.com.ar\/index.php?rest_route=%2Fwp%2Fv2%2Ftags&post=2448"}],"curies":[{"name":"wp","href":"https:\/\/api.w.org\/{rel}","templated":true}]}}