{"id":2565,"date":"2011-04-06T14:42:15","date_gmt":"2011-04-06T17:42:15","guid":{"rendered":"http:\/\/www.mrtrader.com.ar\/?p=2565"},"modified":"2011-06-27T21:24:51","modified_gmt":"2011-06-28T00:24:51","slug":"viento-se-convierte-en-fuente-de-energa-ms-grande-de-espaa","status":"publish","type":"post","link":"http:\/\/www.mrtrader.com.ar\/?p=2565","title":{"rendered":"La energ&iacute;a e&oacute;lica, primera fuente de electricidad en Espa&ntilde;a"},"content":{"rendered":"<p>En Espa\u00f1a la energ\u00eda e\u00f3lica se\u00a0 ha convertido en su principal fuente de generaci\u00f3n de electricidad en el pasado mes de marzo, lo que subraya el progreso del pa\u00eds en convertirse en una de las Naciones m\u00e1s\u00a0 verde de Europa.<\/p>\n<p>En el mes de marzo la energ\u00eda e\u00f3lica ha sido la tecnolog\u00eda con mayor producci\u00f3n el\u00e9ctrica. Esta es la primera vez que la energ\u00eda e\u00f3lica supera al resto de tecnolog\u00edas. Los parques e\u00f3licos han cubierto un 21% de la demanda y han marcado un r\u00e9cord mensual, con una generaci\u00f3n de 4.738 GWh (un poco m\u00e1s del 50% de la demanda mensual promedio de toda la Argentina), un 5% m\u00e1s que en marzo del 2010.<\/p>\n<p><a href=\"http:\/\/www.mrtrader.com.ar\/wp-content\/uploads\/2011\/04\/310311_Demanda_marzo_13.jpg\"><img decoding=\"async\" loading=\"lazy\" style=\"display: block; float: none; margin-left: auto; margin-right: auto; border-width: 0px;\" title=\"Demanda el\u00e9ctrica de marzo 2011 en Espa\u00f1a\" src=\"http:\/\/www.mrtrader.com.ar\/wp-content\/uploads\/2011\/04\/310311_Demanda_marzo_13_thumb.jpg\" border=\"0\" alt=\"Demanda el\u00e9ctrica de marzo 2011 en Espa\u00f1a\" width=\"369\" height=\"206\" \/><\/a>Adem\u00e1s, en el mes de marzo el 57,9% de la electricidad se gener\u00f3 con tecnolog\u00edas que no emiten CO2.<\/p>\n<p><!--more--><\/p>\n<p>&nbsp;<\/p>\n<p><a href=\"http:\/\/www.mrtrader.com.ar\/wp-content\/uploads\/2011\/04\/energia_eolica_espaa2.jpg\" target=\"_blank\"><img decoding=\"async\" loading=\"lazy\" style=\"display: block; float: none; margin-left: auto; margin-right: auto; border-width: 0px;\" title=\"Campos de energ\u00eda e\u00f3lica en Espa\u00f1a\" src=\"http:\/\/www.mrtrader.com.ar\/wp-content\/uploads\/2011\/04\/energia_eolica_espaa2_thumb.jpg\" border=\"0\" alt=\"Campos de energ\u00eda e\u00f3lica en Espa\u00f1a\" width=\"582\" height=\"441\" \/><\/a><\/p>\n<p>Clic para ampliar.<\/p>\n<p>Cabe recordar que Espa\u00f1a es el cuarto productor de energ\u00eda e\u00f3lica del mundo.<\/p>\n","protected":false},"excerpt":{"rendered":"<p>En Espa\u00f1a la energ\u00eda e\u00f3lica se\u00a0 ha convertido en su principal fuente de generaci\u00f3n de electricidad en el pasado mes de marzo, lo que subraya el progreso del pa\u00eds en convertirse en una de las Naciones m\u00e1s\u00a0 verde de Europa. En el mes de marzo la energ\u00eda e\u00f3lica ha sido la tecnolog\u00eda con mayor producci\u00f3n [&hellip;]<\/p>\n","protected":false},"author":1,"featured_media":0,"comment_status":"open","ping_status":"open","sticky":false,"template":"","format":"standard","meta":[],"categories":[875,91],"tags":[273,960,905,264],"yoast_head":"<!-- This site is optimized with the Yoast SEO plugin v19.10 - https:\/\/yoast.com\/wordpress\/plugins\/seo\/ -->\n<title>La energ&iacute;a e&oacute;lica, primera fuente de electricidad en Espa&ntilde;a - M r. T r a d e r<\/title>\n<meta name=\"robots\" content=\"index, follow, max-snippet:-1, max-image-preview:large, max-video-preview:-1\" \/>\n<link rel=\"canonical\" href=\"http:\/\/www.mrtrader.com.ar\/?p=2565\" \/>\n<meta property=\"og:locale\" content=\"es_ES\" \/>\n<meta property=\"og:type\" content=\"article\" \/>\n<meta property=\"og:title\" content=\"La energ&iacute;a e&oacute;lica, primera fuente de electricidad en Espa&ntilde;a - M r. T r a d e r\" \/>\n<meta property=\"og:description\" content=\"En Espa\u00f1a la energ\u00eda e\u00f3lica se\u00a0 ha convertido en su principal fuente de generaci\u00f3n de electricidad en el pasado mes de marzo, lo que subraya el progreso del pa\u00eds en convertirse en una de las Naciones m\u00e1s\u00a0 verde de Europa. En el mes de marzo la energ\u00eda e\u00f3lica ha sido la tecnolog\u00eda con mayor producci\u00f3n [&hellip;]\" \/>\n<meta property=\"og:url\" content=\"http:\/\/www.mrtrader.com.ar\/?p=2565\" \/>\n<meta property=\"og:site_name\" content=\"M r. T r a d e r\" \/>\n<meta property=\"article:published_time\" content=\"2011-04-06T17:42:15+00:00\" \/>\n<meta property=\"article:modified_time\" content=\"2011-06-28T00:24:51+00:00\" \/>\n<meta property=\"og:image\" content=\"http:\/\/www.mrtrader.com.ar\/wp-content\/uploads\/2011\/04\/310311_Demanda_marzo_13_thumb.jpg\" \/>\n<meta name=\"author\" content=\"Mr. Trade\" \/>\n<meta name=\"twitter:card\" content=\"summary_large_image\" \/>\n<meta name=\"twitter:label1\" content=\"Escrito por\" \/>\n\t<meta name=\"twitter:data1\" content=\"Mr. Trade\" \/>\n\t<meta name=\"twitter:label2\" content=\"Tiempo de lectura\" \/>\n\t<meta name=\"twitter:data2\" content=\"1 minuto\" \/>\n<script type=\"application\/ld+json\" class=\"yoast-schema-graph\">{\"@context\":\"https:\/\/schema.org\",\"@graph\":[{\"@type\":\"Article\",\"@id\":\"http:\/\/www.mrtrader.com.ar\/?p=2565#article\",\"isPartOf\":{\"@id\":\"http:\/\/www.mrtrader.com.ar\/?p=2565\"},\"author\":{\"name\":\"Mr. Trade\",\"@id\":\"http:\/\/www.mrtrader.com.ar\/#\/schema\/person\/5926826635e39cc691acca716926984f\"},\"headline\":\"La energ&iacute;a e&oacute;lica, primera fuente de electricidad en Espa&ntilde;a\",\"datePublished\":\"2011-04-06T17:42:15+00:00\",\"dateModified\":\"2011-06-28T00:24:51+00:00\",\"mainEntityOfPage\":{\"@id\":\"http:\/\/www.mrtrader.com.ar\/?p=2565\"},\"wordCount\":183,\"commentCount\":0,\"publisher\":{\"@id\":\"http:\/\/www.mrtrader.com.ar\/#organization\"},\"keywords\":[\"co2\",\"energ\u00eda e\u00f3lica\",\"generacion de electricidad\",\"viento\"],\"articleSection\":[\"Ecolog\u00eda\",\"Energ\u00edas alternativas\"],\"inLanguage\":\"es\",\"potentialAction\":[{\"@type\":\"CommentAction\",\"name\":\"Comment\",\"target\":[\"http:\/\/www.mrtrader.com.ar\/?p=2565#respond\"]}]},{\"@type\":\"WebPage\",\"@id\":\"http:\/\/www.mrtrader.com.ar\/?p=2565\",\"url\":\"http:\/\/www.mrtrader.com.ar\/?p=2565\",\"name\":\"La energ&iacute;a e&oacute;lica, primera fuente de electricidad en Espa&ntilde;a - M r. T r a d e r\",\"isPartOf\":{\"@id\":\"http:\/\/www.mrtrader.com.ar\/#website\"},\"datePublished\":\"2011-04-06T17:42:15+00:00\",\"dateModified\":\"2011-06-28T00:24:51+00:00\",\"breadcrumb\":{\"@id\":\"http:\/\/www.mrtrader.com.ar\/?p=2565#breadcrumb\"},\"inLanguage\":\"es\",\"potentialAction\":[{\"@type\":\"ReadAction\",\"target\":[\"http:\/\/www.mrtrader.com.ar\/?p=2565\"]}]},{\"@type\":\"BreadcrumbList\",\"@id\":\"http:\/\/www.mrtrader.com.ar\/?p=2565#breadcrumb\",\"itemListElement\":[{\"@type\":\"ListItem\",\"position\":1,\"name\":\"Portada\",\"item\":\"http:\/\/www.mrtrader.com.ar\/\"},{\"@type\":\"ListItem\",\"position\":2,\"name\":\"La energ&iacute;a e&oacute;lica, primera fuente de electricidad en Espa&ntilde;a\"}]},{\"@type\":\"WebSite\",\"@id\":\"http:\/\/www.mrtrader.com.ar\/#website\",\"url\":\"http:\/\/www.mrtrader.com.ar\/\",\"name\":\"M r. T r a d e r\",\"description\":\"Entusiasmo por la verdad y el conocimiento\",\"publisher\":{\"@id\":\"http:\/\/www.mrtrader.com.ar\/#organization\"},\"potentialAction\":[{\"@type\":\"SearchAction\",\"target\":{\"@type\":\"EntryPoint\",\"urlTemplate\":\"http:\/\/www.mrtrader.com.ar\/?s={search_term_string}\"},\"query-input\":\"required name=search_term_string\"}],\"inLanguage\":\"es\"},{\"@type\":\"Organization\",\"@id\":\"http:\/\/www.mrtrader.com.ar\/#organization\",\"name\":\"M r. T r a d e r\",\"url\":\"http:\/\/www.mrtrader.com.ar\/\",\"logo\":{\"@type\":\"ImageObject\",\"inLanguage\":\"es\",\"@id\":\"http:\/\/www.mrtrader.com.ar\/#\/schema\/logo\/image\/\",\"url\":\"http:\/\/www.mrtrader.com.ar\/wp-content\/uploads\/2022\/11\/mrt_negro2.png\",\"contentUrl\":\"http:\/\/www.mrtrader.com.ar\/wp-content\/uploads\/2022\/11\/mrt_negro2.png\",\"width\":233,\"height\":86,\"caption\":\"M r. T r a d e r\"},\"image\":{\"@id\":\"http:\/\/www.mrtrader.com.ar\/#\/schema\/logo\/image\/\"}},{\"@type\":\"Person\",\"@id\":\"http:\/\/www.mrtrader.com.ar\/#\/schema\/person\/5926826635e39cc691acca716926984f\",\"name\":\"Mr. Trade\",\"url\":\"http:\/\/www.mrtrader.com.ar\/?author=1\"}]}<\/script>\n<!-- \/ Yoast SEO plugin. -->","yoast_head_json":{"title":"La energ&iacute;a e&oacute;lica, primera fuente de electricidad en Espa&ntilde;a - M r. T r a d e r","robots":{"index":"index","follow":"follow","max-snippet":"max-snippet:-1","max-image-preview":"max-image-preview:large","max-video-preview":"max-video-preview:-1"},"canonical":"http:\/\/www.mrtrader.com.ar\/?p=2565","og_locale":"es_ES","og_type":"article","og_title":"La energ&iacute;a e&oacute;lica, primera fuente de electricidad en Espa&ntilde;a - M r. T r a d e r","og_description":"En Espa\u00f1a la energ\u00eda e\u00f3lica se\u00a0 ha convertido en su principal fuente de generaci\u00f3n de electricidad en el pasado mes de marzo, lo que subraya el progreso del pa\u00eds en convertirse en una de las Naciones m\u00e1s\u00a0 verde de Europa. En el mes de marzo la energ\u00eda e\u00f3lica ha sido la tecnolog\u00eda con mayor producci\u00f3n [&hellip;]","og_url":"http:\/\/www.mrtrader.com.ar\/?p=2565","og_site_name":"M r. T r a d e r","article_published_time":"2011-04-06T17:42:15+00:00","article_modified_time":"2011-06-28T00:24:51+00:00","og_image":[{"url":"http:\/\/www.mrtrader.com.ar\/wp-content\/uploads\/2011\/04\/310311_Demanda_marzo_13_thumb.jpg"}],"author":"Mr. Trade","twitter_card":"summary_large_image","twitter_misc":{"Escrito por":"Mr. Trade","Tiempo de lectura":"1 minuto"},"schema":{"@context":"https:\/\/schema.org","@graph":[{"@type":"Article","@id":"http:\/\/www.mrtrader.com.ar\/?p=2565#article","isPartOf":{"@id":"http:\/\/www.mrtrader.com.ar\/?p=2565"},"author":{"name":"Mr. Trade","@id":"http:\/\/www.mrtrader.com.ar\/#\/schema\/person\/5926826635e39cc691acca716926984f"},"headline":"La energ&iacute;a e&oacute;lica, primera fuente de electricidad en Espa&ntilde;a","datePublished":"2011-04-06T17:42:15+00:00","dateModified":"2011-06-28T00:24:51+00:00","mainEntityOfPage":{"@id":"http:\/\/www.mrtrader.com.ar\/?p=2565"},"wordCount":183,"commentCount":0,"publisher":{"@id":"http:\/\/www.mrtrader.com.ar\/#organization"},"keywords":["co2","energ\u00eda e\u00f3lica","generacion de electricidad","viento"],"articleSection":["Ecolog\u00eda","Energ\u00edas alternativas"],"inLanguage":"es","potentialAction":[{"@type":"CommentAction","name":"Comment","target":["http:\/\/www.mrtrader.com.ar\/?p=2565#respond"]}]},{"@type":"WebPage","@id":"http:\/\/www.mrtrader.com.ar\/?p=2565","url":"http:\/\/www.mrtrader.com.ar\/?p=2565","name":"La energ&iacute;a e&oacute;lica, primera fuente de electricidad en Espa&ntilde;a - M r. T r a d e r","isPartOf":{"@id":"http:\/\/www.mrtrader.com.ar\/#website"},"datePublished":"2011-04-06T17:42:15+00:00","dateModified":"2011-06-28T00:24:51+00:00","breadcrumb":{"@id":"http:\/\/www.mrtrader.com.ar\/?p=2565#breadcrumb"},"inLanguage":"es","potentialAction":[{"@type":"ReadAction","target":["http:\/\/www.mrtrader.com.ar\/?p=2565"]}]},{"@type":"BreadcrumbList","@id":"http:\/\/www.mrtrader.com.ar\/?p=2565#breadcrumb","itemListElement":[{"@type":"ListItem","position":1,"name":"Portada","item":"http:\/\/www.mrtrader.com.ar\/"},{"@type":"ListItem","position":2,"name":"La energ&iacute;a e&oacute;lica, primera fuente de electricidad en Espa&ntilde;a"}]},{"@type":"WebSite","@id":"http:\/\/www.mrtrader.com.ar\/#website","url":"http:\/\/www.mrtrader.com.ar\/","name":"M r. T r a d e r","description":"Entusiasmo por la verdad y el conocimiento","publisher":{"@id":"http:\/\/www.mrtrader.com.ar\/#organization"},"potentialAction":[{"@type":"SearchAction","target":{"@type":"EntryPoint","urlTemplate":"http:\/\/www.mrtrader.com.ar\/?s={search_term_string}"},"query-input":"required name=search_term_string"}],"inLanguage":"es"},{"@type":"Organization","@id":"http:\/\/www.mrtrader.com.ar\/#organization","name":"M r. T r a d e r","url":"http:\/\/www.mrtrader.com.ar\/","logo":{"@type":"ImageObject","inLanguage":"es","@id":"http:\/\/www.mrtrader.com.ar\/#\/schema\/logo\/image\/","url":"http:\/\/www.mrtrader.com.ar\/wp-content\/uploads\/2022\/11\/mrt_negro2.png","contentUrl":"http:\/\/www.mrtrader.com.ar\/wp-content\/uploads\/2022\/11\/mrt_negro2.png","width":233,"height":86,"caption":"M r. T r a d e r"},"image":{"@id":"http:\/\/www.mrtrader.com.ar\/#\/schema\/logo\/image\/"}},{"@type":"Person","@id":"http:\/\/www.mrtrader.com.ar\/#\/schema\/person\/5926826635e39cc691acca716926984f","name":"Mr. Trade","url":"http:\/\/www.mrtrader.com.ar\/?author=1"}]}},"_links":{"self":[{"href":"http:\/\/www.mrtrader.com.ar\/index.php?rest_route=\/wp\/v2\/posts\/2565"}],"collection":[{"href":"http:\/\/www.mrtrader.com.ar\/index.php?rest_route=\/wp\/v2\/posts"}],"about":[{"href":"http:\/\/www.mrtrader.com.ar\/index.php?rest_route=\/wp\/v2\/types\/post"}],"author":[{"embeddable":true,"href":"http:\/\/www.mrtrader.com.ar\/index.php?rest_route=\/wp\/v2\/users\/1"}],"replies":[{"embeddable":true,"href":"http:\/\/www.mrtrader.com.ar\/index.php?rest_route=%2Fwp%2Fv2%2Fcomments&post=2565"}],"version-history":[{"count":4,"href":"http:\/\/www.mrtrader.com.ar\/index.php?rest_route=\/wp\/v2\/posts\/2565\/revisions"}],"predecessor-version":[{"id":2818,"href":"http:\/\/www.mrtrader.com.ar\/index.php?rest_route=\/wp\/v2\/posts\/2565\/revisions\/2818"}],"wp:attachment":[{"href":"http:\/\/www.mrtrader.com.ar\/index.php?rest_route=%2Fwp%2Fv2%2Fmedia&parent=2565"}],"wp:term":[{"taxonomy":"category","embeddable":true,"href":"http:\/\/www.mrtrader.com.ar\/index.php?rest_route=%2Fwp%2Fv2%2Fcategories&post=2565"},{"taxonomy":"post_tag","embeddable":true,"href":"http:\/\/www.mrtrader.com.ar\/index.php?rest_route=%2Fwp%2Fv2%2Ftags&post=2565"}],"curies":[{"name":"wp","href":"https:\/\/api.w.org\/{rel}","templated":true}]}}