{"id":2858,"date":"2011-06-28T17:59:41","date_gmt":"2011-06-28T20:59:41","guid":{"rendered":"http:\/\/www.mrtrader.com.ar\/?p=2858"},"modified":"2011-06-29T19:31:56","modified_gmt":"2011-06-29T22:31:56","slug":"alemania-y-china-los-exportadores-sean-unidos","status":"publish","type":"post","link":"http:\/\/www.mrtrader.com.ar\/?p=2858","title":{"rendered":"Alemania y China, los exportadores sean unidos porque &eacute;sa es ley primera"},"content":{"rendered":"<p>Al hablar de exportadores Alemania y China son dos gigantes gal\u00e1cticos, por ello ser\u00e1 que los dos mayores exportadores de la galaxia se reunieron para asegurar algunos cabos sueltos, como el <a title=\"China y Europa\" href=\"http:\/\/www.mrtrader.com.ar\/?p=1892\" rel=\"nofollow\">manifiesto problema que pudiera causar un posible euro d\u00e9bil, sobre todo para el socio asi\u00e1tico<\/a>.<\/p>\n<p>Pues bien, lo destacable de la reuni\u00f3n es una sorprendente meta, duplicar el intercambio comercial en menos de 4 a\u00f1os y por otro lado la afirmaci\u00f3n por parte de China que est\u00e1 dispuesto a comprar deuda soberana de la Uni\u00f3n Europea si es necesario.<\/p>\n<p>Les acerco la informaci\u00f3n oficial.<\/p>\n<p><em><strong>DW-World.de:<\/strong> \u00c1ngela Merkel y Wen Jiabao presiden este martes (28.06.2011) en Berl\u00edn las primeras consultas germano-chinas. Expertos advierten que no hay que esperar cambios pol\u00edticos demasiado r\u00e1pidos en China. <\/em><\/p>\n<p>En las consultaciones de Gobierno se trata de un encuentro \u201cde t\u00fa a t\u00fa\u201d, entre dos Estados. Este instrumento diplom\u00e1tico tiene no s\u00f3lo gran valor simb\u00f3lico, sino que el intercambio personal entre altos funcionarios de dos Gobiernos facilita la soluci\u00f3n de problemas e impulsa el trabajo futuro. Eso al menos es lo que dice la experiencia alemana con este tipo de encuentros, que en un principio se limitaban a Europa. Pero en 2008 ingres\u00f3 Israel a este c\u00edrculo exclusivo y en el a\u00f1o en curso se le sumaron tambi\u00e9n la India y China. <\/p>\n<p><!--more--><\/p>\n<p><em><strong>\u201cConfianza\u201d como base de construcci\u00f3n <\/strong><\/em><\/p>\n<p>\u00c1ngela Merkel y Wen Jiabao comunicaron hoy en la capital alemana que profundizar\u00e1n notablemente sus relaciones comerciales. Sin embargo, sigue siendo pol\u00e9mico el reconocimiento de China como econom\u00eda de mercado. Berl\u00edn se niega a ello mientras Pek\u00edn restrinja el acceso de empresas alemanas al mercado chino y no respete condiciones justas de libre competencia para empresas extranjeras. \u201cNo necesitamos s\u00f3lo seguridad jur\u00eddica, sino un Estado de Derecho\u201d, dijo al respecto Philipp R\u00f6sler, ministro alem\u00e1n de Econom\u00eda. <\/p>\n<p>La propia canciller tambi\u00e9n hizo alusi\u00f3n al problema de la pirater\u00eda de productos y a la concesi\u00f3n de cr\u00e9ditos de exportaci\u00f3n. Asimismo exhort\u00f3 al Gobierno chino a manejar sus materias primas de \u201cmanera responsable\u201c. Sin embargo, a pesar de los puntos conflictivos, Merkel recalc\u00f3 que ha crecido la confianza entre Alemania y China y que \u201csobre la base de esta confianza se puede seguir construyendo\u201d. <\/p>\n<p>Wen, por su parte, destac\u00f3 el rol importante que ocupa Alemania para lograr una cooperaci\u00f3n amistosa entre Europa y China. \u201cSin el apoyo y el esfuerzo de Alemania, no ser\u00eda imaginable el desarrollo positivo de las relaciones chino-europeas\u201d, dijo el mandatario chino. Anunci\u00f3 tambi\u00e9n que \u201cChina est\u00e1 dispuesta a importar m\u00e1s productos alemanes de punta\u201d y que lanzar\u00e1 un programa de cr\u00e9ditos de dos mil millones de euros, para fortalecer la colaboraci\u00f3n entre los medianos empresarios de ambos pa\u00edses. Aunque no dej\u00f3 de mencionar que a cambio de ello desea \u201cun reconocimiento r\u00e1pido como econom\u00eda de mercado plena, por parte de Alemania\u201d. <\/p>\n<p><strong><em>La UE necesita a China y viceversa <\/em><\/strong><\/p>\n<p>Seg\u00fan anunciara \u00c1ngela Merkel, el volumen de intercambio entre Alemania y China pasar\u00e1 en los pr\u00f3ximos cinco a\u00f1os de m\u00e1s de 130 mil millones de euros a 200 mil millones de euros. Merkel apuesta all\u00ed especialmente al desarrollo de autos el\u00e9ctricos. <\/p>\n<p>Tambi\u00e9n el ministro alem\u00e1n del Exterior, Guido Westerwelle, se muestra optimista: \u201cen China est\u00e1 surgiendo una clase media con varios cientos de millones de ciudadanas y ciudadanos, que se interesan por productos de calidad, productos provenientes de Alemania. Si unimos las dos cosas: los intereses econ\u00f3micos, pero tambi\u00e9n nuestra defensa de los Derechos Humanos y del Estado de Derecho, entonces estamos haciendo la pol\u00edtica correcta\u201d. <\/p>\n<p>Por su parte, los propios comerciantes hacen notar que no s\u00f3lo Alemania se beneficia del comercio con China. Anton B\u00f6rner, presidente de la asociaci\u00f3n federal de comercio al por mayor y exterior (BGA), explica que \u201clos chinos nos necesitan tanto como nosotros a ellos, ya que sin las exportaciones a la Uni\u00f3n Europea a trav\u00e9s de Alemania, China tendr\u00eda enormes problemas sociales y no podr\u00eda financiar su crecimiento\u201d. <\/p>\n<p><em><strong>Casualidad nada casual <\/strong><\/em><\/p>\n<p>La reciente liberaci\u00f3n del artista pl\u00e1stico Ai Weiwei tampoco logr\u00f3 que el tema de los DD.HH. fuera eliminado completamente de la agenda de Merkel, ni de la de Westerwelle durante el encuentro con sus hom\u00f3logos chinos. Seg\u00fan dijo Ruprecht Polenz, democristiano, presidente de la comisi\u00f3n de Asuntos Exteriores del Parlamento alem\u00e1n, a la radio estatal SWR 2, tanto la canciller, como el ministro del Exterior, tratar\u00e1n el tema de los derechos humanos en China, pero tambi\u00e9n \u201cse hablar\u00e1 de la situaci\u00f3n en \u00c1frica del norte, Afganist\u00e1n y Pakist\u00e1n, todas regiones en las cuales China ejerce gran influencia y nosotros queremos que \u00e9sta sea una influencia positiva\u201d. <\/p>\n<p>El sin\u00f3logo y economista Carsten Hermmann-Pillath, de la Frankfurt School of Finance and Management, advierte que ser\u00eda err\u00f3neo esperar cambios pol\u00edticos demasiado r\u00e1pidos de China. Aquel pa\u00eds sigue comprendi\u00e9ndose como una \u201cvieja potencia\u201d. Entrevistado por la emisora Deutschlandradio, el experto opin\u00f3 que \u201cun problema de nuestro trato respecto a China es que esperamos una gran velocidad de cambio, aunque estos procesos siempre duraron d\u00e9cadas enteras\u201d. <\/p>\n<p>Mientras que en la opini\u00f3n p\u00fablica alemana muchas veces se ve con cierto temor el crecimiento extremo de China, Ruprecht Polenz, no teme que aquel pa\u00eds obtenga autom\u00e1ticamente tambi\u00e9n un peso pol\u00edtico inquietante, ya que tiene demasiados problemas propios a solucionar. \u201cEn China la producci\u00f3n corre en gran medida a costas del medioambiente. Si contrarrestamos los gastos para restablecer el medioambiente, el crecimiento ya no ser\u00eda del ocho o nueve por ciento, sino apenas del uno o dos por ciento,\u201d explica Polenz y concluye: \u201cChina tiene sobre todo el gran problema de un sistema pol\u00edtico, que brinda a sus ciudadanos libertades econ\u00f3micas, pero no pol\u00edticas\u201d.<\/p>\n","protected":false},"excerpt":{"rendered":"<p>Al hablar de exportadores Alemania y China son dos gigantes gal\u00e1cticos, por ello ser\u00e1 que los dos mayores exportadores de la galaxia se reunieron para asegurar algunos cabos sueltos, como el manifiesto problema que pudiera causar un posible euro d\u00e9bil, sobre todo para el socio asi\u00e1tico. Pues bien, lo destacable de la reuni\u00f3n es una [&hellip;]<\/p>\n","protected":false},"author":1,"featured_media":0,"comment_status":"open","ping_status":"open","sticky":false,"template":"","format":"standard","meta":[],"categories":[103],"tags":[745,280,1000,154,999,1001],"yoast_head":"<!-- This site is optimized with the Yoast SEO plugin v19.10 - https:\/\/yoast.com\/wordpress\/plugins\/seo\/ -->\n<title>Alemania y China, los exportadores sean unidos porque &eacute;sa es ley primera - M r. T r a d e r<\/title>\n<meta name=\"robots\" content=\"index, follow, max-snippet:-1, max-image-preview:large, max-video-preview:-1\" \/>\n<link rel=\"canonical\" href=\"http:\/\/www.mrtrader.com.ar\/?p=2858\" \/>\n<meta property=\"og:locale\" content=\"es_ES\" \/>\n<meta property=\"og:type\" content=\"article\" \/>\n<meta property=\"og:title\" content=\"Alemania y China, los exportadores sean unidos porque &eacute;sa es ley primera - M r. T r a d e r\" \/>\n<meta property=\"og:description\" content=\"Al hablar de exportadores Alemania y China son dos gigantes gal\u00e1cticos, por ello ser\u00e1 que los dos mayores exportadores de la galaxia se reunieron para asegurar algunos cabos sueltos, como el manifiesto problema que pudiera causar un posible euro d\u00e9bil, sobre todo para el socio asi\u00e1tico. Pues bien, lo destacable de la reuni\u00f3n es una [&hellip;]\" \/>\n<meta property=\"og:url\" content=\"http:\/\/www.mrtrader.com.ar\/?p=2858\" \/>\n<meta property=\"og:site_name\" content=\"M r. T r a d e r\" \/>\n<meta property=\"article:published_time\" content=\"2011-06-28T20:59:41+00:00\" \/>\n<meta property=\"article:modified_time\" content=\"2011-06-29T22:31:56+00:00\" \/>\n<meta name=\"author\" content=\"Mr. Trade\" \/>\n<meta name=\"twitter:card\" content=\"summary_large_image\" \/>\n<meta name=\"twitter:label1\" content=\"Escrito por\" \/>\n\t<meta name=\"twitter:data1\" content=\"Mr. Trade\" \/>\n\t<meta name=\"twitter:label2\" content=\"Tiempo de lectura\" \/>\n\t<meta name=\"twitter:data2\" content=\"5 minutos\" \/>\n<script type=\"application\/ld+json\" class=\"yoast-schema-graph\">{\"@context\":\"https:\/\/schema.org\",\"@graph\":[{\"@type\":\"Article\",\"@id\":\"http:\/\/www.mrtrader.com.ar\/?p=2858#article\",\"isPartOf\":{\"@id\":\"http:\/\/www.mrtrader.com.ar\/?p=2858\"},\"author\":{\"name\":\"Mr. Trade\",\"@id\":\"http:\/\/www.mrtrader.com.ar\/#\/schema\/person\/5926826635e39cc691acca716926984f\"},\"headline\":\"Alemania y China, los exportadores sean unidos porque &eacute;sa es ley primera\",\"datePublished\":\"2011-06-28T20:59:41+00:00\",\"dateModified\":\"2011-06-29T22:31:56+00:00\",\"mainEntityOfPage\":{\"@id\":\"http:\/\/www.mrtrader.com.ar\/?p=2858\"},\"wordCount\":1025,\"commentCount\":0,\"publisher\":{\"@id\":\"http:\/\/www.mrtrader.com.ar\/#organization\"},\"keywords\":[\"alemania\",\"china\",\"EU\",\"euro\",\"intercambio comercial\",\"uni\u00f3n europea\"],\"articleSection\":[\"Actualidad\"],\"inLanguage\":\"es\",\"potentialAction\":[{\"@type\":\"CommentAction\",\"name\":\"Comment\",\"target\":[\"http:\/\/www.mrtrader.com.ar\/?p=2858#respond\"]}]},{\"@type\":\"WebPage\",\"@id\":\"http:\/\/www.mrtrader.com.ar\/?p=2858\",\"url\":\"http:\/\/www.mrtrader.com.ar\/?p=2858\",\"name\":\"Alemania y China, los exportadores sean unidos porque &eacute;sa es ley primera - M r. T r a d e r\",\"isPartOf\":{\"@id\":\"http:\/\/www.mrtrader.com.ar\/#website\"},\"datePublished\":\"2011-06-28T20:59:41+00:00\",\"dateModified\":\"2011-06-29T22:31:56+00:00\",\"breadcrumb\":{\"@id\":\"http:\/\/www.mrtrader.com.ar\/?p=2858#breadcrumb\"},\"inLanguage\":\"es\",\"potentialAction\":[{\"@type\":\"ReadAction\",\"target\":[\"http:\/\/www.mrtrader.com.ar\/?p=2858\"]}]},{\"@type\":\"BreadcrumbList\",\"@id\":\"http:\/\/www.mrtrader.com.ar\/?p=2858#breadcrumb\",\"itemListElement\":[{\"@type\":\"ListItem\",\"position\":1,\"name\":\"Portada\",\"item\":\"http:\/\/www.mrtrader.com.ar\/\"},{\"@type\":\"ListItem\",\"position\":2,\"name\":\"Alemania y China, los exportadores sean unidos porque &eacute;sa es ley primera\"}]},{\"@type\":\"WebSite\",\"@id\":\"http:\/\/www.mrtrader.com.ar\/#website\",\"url\":\"http:\/\/www.mrtrader.com.ar\/\",\"name\":\"M r. T r a d e r\",\"description\":\"Entusiasmo por la verdad y el conocimiento\",\"publisher\":{\"@id\":\"http:\/\/www.mrtrader.com.ar\/#organization\"},\"potentialAction\":[{\"@type\":\"SearchAction\",\"target\":{\"@type\":\"EntryPoint\",\"urlTemplate\":\"http:\/\/www.mrtrader.com.ar\/?s={search_term_string}\"},\"query-input\":\"required name=search_term_string\"}],\"inLanguage\":\"es\"},{\"@type\":\"Organization\",\"@id\":\"http:\/\/www.mrtrader.com.ar\/#organization\",\"name\":\"M r. T r a d e r\",\"url\":\"http:\/\/www.mrtrader.com.ar\/\",\"logo\":{\"@type\":\"ImageObject\",\"inLanguage\":\"es\",\"@id\":\"http:\/\/www.mrtrader.com.ar\/#\/schema\/logo\/image\/\",\"url\":\"http:\/\/www.mrtrader.com.ar\/wp-content\/uploads\/2022\/11\/mrt_negro2.png\",\"contentUrl\":\"http:\/\/www.mrtrader.com.ar\/wp-content\/uploads\/2022\/11\/mrt_negro2.png\",\"width\":233,\"height\":86,\"caption\":\"M r. T r a d e r\"},\"image\":{\"@id\":\"http:\/\/www.mrtrader.com.ar\/#\/schema\/logo\/image\/\"}},{\"@type\":\"Person\",\"@id\":\"http:\/\/www.mrtrader.com.ar\/#\/schema\/person\/5926826635e39cc691acca716926984f\",\"name\":\"Mr. Trade\",\"url\":\"http:\/\/www.mrtrader.com.ar\/?author=1\"}]}<\/script>\n<!-- \/ Yoast SEO plugin. -->","yoast_head_json":{"title":"Alemania y China, los exportadores sean unidos porque &eacute;sa es ley primera - M r. T r a d e r","robots":{"index":"index","follow":"follow","max-snippet":"max-snippet:-1","max-image-preview":"max-image-preview:large","max-video-preview":"max-video-preview:-1"},"canonical":"http:\/\/www.mrtrader.com.ar\/?p=2858","og_locale":"es_ES","og_type":"article","og_title":"Alemania y China, los exportadores sean unidos porque &eacute;sa es ley primera - M r. T r a d e r","og_description":"Al hablar de exportadores Alemania y China son dos gigantes gal\u00e1cticos, por ello ser\u00e1 que los dos mayores exportadores de la galaxia se reunieron para asegurar algunos cabos sueltos, como el manifiesto problema que pudiera causar un posible euro d\u00e9bil, sobre todo para el socio asi\u00e1tico. Pues bien, lo destacable de la reuni\u00f3n es una [&hellip;]","og_url":"http:\/\/www.mrtrader.com.ar\/?p=2858","og_site_name":"M r. T r a d e r","article_published_time":"2011-06-28T20:59:41+00:00","article_modified_time":"2011-06-29T22:31:56+00:00","author":"Mr. Trade","twitter_card":"summary_large_image","twitter_misc":{"Escrito por":"Mr. Trade","Tiempo de lectura":"5 minutos"},"schema":{"@context":"https:\/\/schema.org","@graph":[{"@type":"Article","@id":"http:\/\/www.mrtrader.com.ar\/?p=2858#article","isPartOf":{"@id":"http:\/\/www.mrtrader.com.ar\/?p=2858"},"author":{"name":"Mr. Trade","@id":"http:\/\/www.mrtrader.com.ar\/#\/schema\/person\/5926826635e39cc691acca716926984f"},"headline":"Alemania y China, los exportadores sean unidos porque &eacute;sa es ley primera","datePublished":"2011-06-28T20:59:41+00:00","dateModified":"2011-06-29T22:31:56+00:00","mainEntityOfPage":{"@id":"http:\/\/www.mrtrader.com.ar\/?p=2858"},"wordCount":1025,"commentCount":0,"publisher":{"@id":"http:\/\/www.mrtrader.com.ar\/#organization"},"keywords":["alemania","china","EU","euro","intercambio comercial","uni\u00f3n europea"],"articleSection":["Actualidad"],"inLanguage":"es","potentialAction":[{"@type":"CommentAction","name":"Comment","target":["http:\/\/www.mrtrader.com.ar\/?p=2858#respond"]}]},{"@type":"WebPage","@id":"http:\/\/www.mrtrader.com.ar\/?p=2858","url":"http:\/\/www.mrtrader.com.ar\/?p=2858","name":"Alemania y China, los exportadores sean unidos porque &eacute;sa es ley primera - M r. T r a d e r","isPartOf":{"@id":"http:\/\/www.mrtrader.com.ar\/#website"},"datePublished":"2011-06-28T20:59:41+00:00","dateModified":"2011-06-29T22:31:56+00:00","breadcrumb":{"@id":"http:\/\/www.mrtrader.com.ar\/?p=2858#breadcrumb"},"inLanguage":"es","potentialAction":[{"@type":"ReadAction","target":["http:\/\/www.mrtrader.com.ar\/?p=2858"]}]},{"@type":"BreadcrumbList","@id":"http:\/\/www.mrtrader.com.ar\/?p=2858#breadcrumb","itemListElement":[{"@type":"ListItem","position":1,"name":"Portada","item":"http:\/\/www.mrtrader.com.ar\/"},{"@type":"ListItem","position":2,"name":"Alemania y China, los exportadores sean unidos porque &eacute;sa es ley primera"}]},{"@type":"WebSite","@id":"http:\/\/www.mrtrader.com.ar\/#website","url":"http:\/\/www.mrtrader.com.ar\/","name":"M r. T r a d e r","description":"Entusiasmo por la verdad y el conocimiento","publisher":{"@id":"http:\/\/www.mrtrader.com.ar\/#organization"},"potentialAction":[{"@type":"SearchAction","target":{"@type":"EntryPoint","urlTemplate":"http:\/\/www.mrtrader.com.ar\/?s={search_term_string}"},"query-input":"required name=search_term_string"}],"inLanguage":"es"},{"@type":"Organization","@id":"http:\/\/www.mrtrader.com.ar\/#organization","name":"M r. T r a d e r","url":"http:\/\/www.mrtrader.com.ar\/","logo":{"@type":"ImageObject","inLanguage":"es","@id":"http:\/\/www.mrtrader.com.ar\/#\/schema\/logo\/image\/","url":"http:\/\/www.mrtrader.com.ar\/wp-content\/uploads\/2022\/11\/mrt_negro2.png","contentUrl":"http:\/\/www.mrtrader.com.ar\/wp-content\/uploads\/2022\/11\/mrt_negro2.png","width":233,"height":86,"caption":"M r. T r a d e r"},"image":{"@id":"http:\/\/www.mrtrader.com.ar\/#\/schema\/logo\/image\/"}},{"@type":"Person","@id":"http:\/\/www.mrtrader.com.ar\/#\/schema\/person\/5926826635e39cc691acca716926984f","name":"Mr. Trade","url":"http:\/\/www.mrtrader.com.ar\/?author=1"}]}},"_links":{"self":[{"href":"http:\/\/www.mrtrader.com.ar\/index.php?rest_route=\/wp\/v2\/posts\/2858"}],"collection":[{"href":"http:\/\/www.mrtrader.com.ar\/index.php?rest_route=\/wp\/v2\/posts"}],"about":[{"href":"http:\/\/www.mrtrader.com.ar\/index.php?rest_route=\/wp\/v2\/types\/post"}],"author":[{"embeddable":true,"href":"http:\/\/www.mrtrader.com.ar\/index.php?rest_route=\/wp\/v2\/users\/1"}],"replies":[{"embeddable":true,"href":"http:\/\/www.mrtrader.com.ar\/index.php?rest_route=%2Fwp%2Fv2%2Fcomments&post=2858"}],"version-history":[{"count":4,"href":"http:\/\/www.mrtrader.com.ar\/index.php?rest_route=\/wp\/v2\/posts\/2858\/revisions"}],"predecessor-version":[{"id":2867,"href":"http:\/\/www.mrtrader.com.ar\/index.php?rest_route=\/wp\/v2\/posts\/2858\/revisions\/2867"}],"wp:attachment":[{"href":"http:\/\/www.mrtrader.com.ar\/index.php?rest_route=%2Fwp%2Fv2%2Fmedia&parent=2858"}],"wp:term":[{"taxonomy":"category","embeddable":true,"href":"http:\/\/www.mrtrader.com.ar\/index.php?rest_route=%2Fwp%2Fv2%2Fcategories&post=2858"},{"taxonomy":"post_tag","embeddable":true,"href":"http:\/\/www.mrtrader.com.ar\/index.php?rest_route=%2Fwp%2Fv2%2Ftags&post=2858"}],"curies":[{"name":"wp","href":"https:\/\/api.w.org\/{rel}","templated":true}]}}