{"id":134,"date":"2008-09-23T11:02:06","date_gmt":"2008-09-23T14:02:06","guid":{"rendered":"http:\/\/www.mrtrader.com.ar\/?p=134"},"modified":"2008-09-25T10:33:07","modified_gmt":"2008-09-25T13:33:07","slug":"argentina-y-brasil-dicen-no-al-dlar","status":"publish","type":"post","link":"https:\/\/www.mrtrader.com.ar\/?p=134","title":{"rendered":"Argentina y Brasil dicen NO al d&oacute;lar ."},"content":{"rendered":"<p><a href=\"http:\/\/www.mrtrader.com.ar\/wp-content\/uploads\/2008\/09\/dolar-caida.jpg\"><img decoding=\"async\" loading=\"lazy\" style=\"border-right: 0px; border-top: 0px; margin: 0px 15px 15px 0px; border-left: 0px; border-bottom: 0px\" src=\"http:\/\/www.mrtrader.com.ar\/wp-content\/uploads\/2008\/09\/dolar-caida-thumb.jpg\" border=\"0\" alt=\"dolar_caida\" width=\"244\" height=\"209\" align=\"left\" \/><\/a><\/p>\n<p>Con el vector apuntando a la integraci\u00f3n regional de Am\u00e9rica del Sur, los dos gigantes del continente (Brasil y Argentina) han llegado a un acuerdo de lo m\u00e1s sustancioso para dicho cometido: dejar de utilizar el d\u00f3lar en el comercio bilateral e introducir en \u00e9l las dos monedas locales: el peso argentino y el real.<\/p>\n<p align=\"justify\">Este es el resultado de un acuerdo alcanzado en el d\u00eda de ayer en Brasilia por el presidente brasilero Luiz Ign\u00e1cio Lula da Silva y la presidenta argentina Cristina Fern\u00e1ndez, quienes suscribieron el acuerdo con miras a potenciar tanto la integraci\u00f3n local como el comercio bilateral.<\/p>\n<p><!--more--><\/p>\n<p align=\"justify\">\n<p align=\"justify\">En referencia al asunto el presidente de Brasil calific\u00f3 el acuerdo como \u201cun primer paso a una futura integraci\u00f3n monetaria regional\u201d, mientras que Guido Mantega, ministro de Hacienda de Brasil, hizo referencia al objetivo del acuerdo se\u00f1alando que \u00e9ste consiste en \u201creducir las trabas en las transacciones comerciales entre los dos pa\u00edses y permitir el acceso de peque\u00f1os y medianos exportadores\u201d.<\/p>\n<p align=\"justify\">De todos modos se trata de un sistema de intercambio que todav\u00eda no ser\u00e1 puesto en pr\u00e1ctica m\u00e1s que para testearlo a peque\u00f1a escala, y que para verlo en funcionamiento habr\u00e1 que esperar hasta el mes de octubre.<\/p>\n<p align=\"justify\">Si los otros dos pa\u00edses que integran el Mercosur (Paraguay y Uruguay) aprovechan esta oportunidad para revalorizar sus monedas e integrarlas al comercio regional en un futuro pr\u00f3ximo, probablemente el Mercosur logre restablecer la credibilidad a nivel de comercio regional que tuvo al momento de firmarse y deje de ser la mentira que es hoy en d\u00eda. Sea como sea, habr\u00e1 que esperar bastante para ello.<\/p>\n<p>V\u00eda | ElMundo<\/p>\n<p><!--subscribe2--><\/p>\n","protected":false},"excerpt":{"rendered":"<p>Con el vector apuntando a la integraci\u00f3n regional de Am\u00e9rica del Sur, los dos gigantes del continente (Brasil y Argentina) han llegado a un acuerdo de lo m\u00e1s sustancioso para dicho cometido: dejar de utilizar el d\u00f3lar en el comercio bilateral e introducir en \u00e9l las dos monedas locales: el peso argentino y el real. [&hellip;]<\/p>\n","protected":false},"author":1,"featured_media":0,"comment_status":"open","ping_status":"open","sticky":false,"template":"","format":"standard","meta":[],"categories":[54],"tags":[1356,89,22,90],"yoast_head":"<!-- This site is optimized with the Yoast SEO plugin v19.10 - https:\/\/yoast.com\/wordpress\/plugins\/seo\/ -->\n<title>Argentina y Brasil dicen NO al d&oacute;lar . - M r. T r a d e r<\/title>\n<meta name=\"robots\" content=\"index, follow, max-snippet:-1, max-image-preview:large, max-video-preview:-1\" \/>\n<link rel=\"canonical\" href=\"http:\/\/www.mrtrader.com.ar\/?p=134\" \/>\n<meta property=\"og:locale\" content=\"es_ES\" \/>\n<meta property=\"og:type\" content=\"article\" \/>\n<meta property=\"og:title\" content=\"Argentina y Brasil dicen NO al d&oacute;lar . - M r. T r a d e r\" \/>\n<meta property=\"og:description\" content=\"Con el vector apuntando a la integraci\u00f3n regional de Am\u00e9rica del Sur, los dos gigantes del continente (Brasil y Argentina) han llegado a un acuerdo de lo m\u00e1s sustancioso para dicho cometido: dejar de utilizar el d\u00f3lar en el comercio bilateral e introducir en \u00e9l las dos monedas locales: el peso argentino y el real. [&hellip;]\" \/>\n<meta property=\"og:url\" content=\"http:\/\/www.mrtrader.com.ar\/?p=134\" \/>\n<meta property=\"og:site_name\" content=\"M r. T r a d e r\" \/>\n<meta property=\"article:published_time\" content=\"2008-09-23T14:02:06+00:00\" \/>\n<meta property=\"article:modified_time\" content=\"2008-09-25T13:33:07+00:00\" \/>\n<meta property=\"og:image\" content=\"http:\/\/www.mrtrader.com.ar\/wp-content\/uploads\/2008\/09\/dolar-caida-thumb.jpg\" \/>\n<meta name=\"author\" content=\"Mr. Trade\" \/>\n<meta name=\"twitter:card\" content=\"summary_large_image\" \/>\n<meta name=\"twitter:label1\" content=\"Escrito por\" \/>\n\t<meta name=\"twitter:data1\" content=\"Mr. Trade\" \/>\n\t<meta name=\"twitter:label2\" content=\"Tiempo de lectura\" \/>\n\t<meta name=\"twitter:data2\" content=\"1 minuto\" \/>\n<script type=\"application\/ld+json\" class=\"yoast-schema-graph\">{\"@context\":\"https:\/\/schema.org\",\"@graph\":[{\"@type\":\"Article\",\"@id\":\"http:\/\/www.mrtrader.com.ar\/?p=134#article\",\"isPartOf\":{\"@id\":\"http:\/\/www.mrtrader.com.ar\/?p=134\"},\"author\":{\"name\":\"Mr. Trade\",\"@id\":\"https:\/\/www.mrtrader.com.ar\/#\/schema\/person\/5926826635e39cc691acca716926984f\"},\"headline\":\"Argentina y Brasil dicen NO al d&oacute;lar .\",\"datePublished\":\"2008-09-23T14:02:06+00:00\",\"dateModified\":\"2008-09-25T13:33:07+00:00\",\"mainEntityOfPage\":{\"@id\":\"http:\/\/www.mrtrader.com.ar\/?p=134\"},\"wordCount\":297,\"commentCount\":0,\"publisher\":{\"@id\":\"https:\/\/www.mrtrader.com.ar\/#organization\"},\"keywords\":[\"Argentina\",\"brasil\",\"dolar\",\"mercosur\"],\"articleSection\":[\"Argentina\"],\"inLanguage\":\"es\",\"potentialAction\":[{\"@type\":\"CommentAction\",\"name\":\"Comment\",\"target\":[\"http:\/\/www.mrtrader.com.ar\/?p=134#respond\"]}]},{\"@type\":\"WebPage\",\"@id\":\"http:\/\/www.mrtrader.com.ar\/?p=134\",\"url\":\"http:\/\/www.mrtrader.com.ar\/?p=134\",\"name\":\"Argentina y Brasil dicen NO al d&oacute;lar . - M r. T r a d e r\",\"isPartOf\":{\"@id\":\"https:\/\/www.mrtrader.com.ar\/#website\"},\"datePublished\":\"2008-09-23T14:02:06+00:00\",\"dateModified\":\"2008-09-25T13:33:07+00:00\",\"breadcrumb\":{\"@id\":\"http:\/\/www.mrtrader.com.ar\/?p=134#breadcrumb\"},\"inLanguage\":\"es\",\"potentialAction\":[{\"@type\":\"ReadAction\",\"target\":[\"http:\/\/www.mrtrader.com.ar\/?p=134\"]}]},{\"@type\":\"BreadcrumbList\",\"@id\":\"http:\/\/www.mrtrader.com.ar\/?p=134#breadcrumb\",\"itemListElement\":[{\"@type\":\"ListItem\",\"position\":1,\"name\":\"Portada\",\"item\":\"https:\/\/www.mrtrader.com.ar\/\"},{\"@type\":\"ListItem\",\"position\":2,\"name\":\"Argentina y Brasil dicen NO al d&oacute;lar .\"}]},{\"@type\":\"WebSite\",\"@id\":\"https:\/\/www.mrtrader.com.ar\/#website\",\"url\":\"https:\/\/www.mrtrader.com.ar\/\",\"name\":\"M r. T r a d e r\",\"description\":\"Entusiasmo por la verdad y el conocimiento\",\"publisher\":{\"@id\":\"https:\/\/www.mrtrader.com.ar\/#organization\"},\"potentialAction\":[{\"@type\":\"SearchAction\",\"target\":{\"@type\":\"EntryPoint\",\"urlTemplate\":\"https:\/\/www.mrtrader.com.ar\/?s={search_term_string}\"},\"query-input\":\"required name=search_term_string\"}],\"inLanguage\":\"es\"},{\"@type\":\"Organization\",\"@id\":\"https:\/\/www.mrtrader.com.ar\/#organization\",\"name\":\"M r. T r a d e r\",\"url\":\"https:\/\/www.mrtrader.com.ar\/\",\"logo\":{\"@type\":\"ImageObject\",\"inLanguage\":\"es\",\"@id\":\"https:\/\/www.mrtrader.com.ar\/#\/schema\/logo\/image\/\",\"url\":\"http:\/\/www.mrtrader.com.ar\/wp-content\/uploads\/2022\/11\/mrt_negro2.png\",\"contentUrl\":\"http:\/\/www.mrtrader.com.ar\/wp-content\/uploads\/2022\/11\/mrt_negro2.png\",\"width\":233,\"height\":86,\"caption\":\"M r. T r a d e r\"},\"image\":{\"@id\":\"https:\/\/www.mrtrader.com.ar\/#\/schema\/logo\/image\/\"}},{\"@type\":\"Person\",\"@id\":\"https:\/\/www.mrtrader.com.ar\/#\/schema\/person\/5926826635e39cc691acca716926984f\",\"name\":\"Mr. Trade\",\"url\":\"https:\/\/www.mrtrader.com.ar\/?author=1\"}]}<\/script>\n<!-- \/ Yoast SEO plugin. -->","yoast_head_json":{"title":"Argentina y Brasil dicen NO al d&oacute;lar . - M r. T r a d e r","robots":{"index":"index","follow":"follow","max-snippet":"max-snippet:-1","max-image-preview":"max-image-preview:large","max-video-preview":"max-video-preview:-1"},"canonical":"http:\/\/www.mrtrader.com.ar\/?p=134","og_locale":"es_ES","og_type":"article","og_title":"Argentina y Brasil dicen NO al d&oacute;lar . - M r. T r a d e r","og_description":"Con el vector apuntando a la integraci\u00f3n regional de Am\u00e9rica del Sur, los dos gigantes del continente (Brasil y Argentina) han llegado a un acuerdo de lo m\u00e1s sustancioso para dicho cometido: dejar de utilizar el d\u00f3lar en el comercio bilateral e introducir en \u00e9l las dos monedas locales: el peso argentino y el real. [&hellip;]","og_url":"http:\/\/www.mrtrader.com.ar\/?p=134","og_site_name":"M r. T r a d e r","article_published_time":"2008-09-23T14:02:06+00:00","article_modified_time":"2008-09-25T13:33:07+00:00","og_image":[{"url":"http:\/\/www.mrtrader.com.ar\/wp-content\/uploads\/2008\/09\/dolar-caida-thumb.jpg"}],"author":"Mr. Trade","twitter_card":"summary_large_image","twitter_misc":{"Escrito por":"Mr. Trade","Tiempo de lectura":"1 minuto"},"schema":{"@context":"https:\/\/schema.org","@graph":[{"@type":"Article","@id":"http:\/\/www.mrtrader.com.ar\/?p=134#article","isPartOf":{"@id":"http:\/\/www.mrtrader.com.ar\/?p=134"},"author":{"name":"Mr. Trade","@id":"https:\/\/www.mrtrader.com.ar\/#\/schema\/person\/5926826635e39cc691acca716926984f"},"headline":"Argentina y Brasil dicen NO al d&oacute;lar .","datePublished":"2008-09-23T14:02:06+00:00","dateModified":"2008-09-25T13:33:07+00:00","mainEntityOfPage":{"@id":"http:\/\/www.mrtrader.com.ar\/?p=134"},"wordCount":297,"commentCount":0,"publisher":{"@id":"https:\/\/www.mrtrader.com.ar\/#organization"},"keywords":["Argentina","brasil","dolar","mercosur"],"articleSection":["Argentina"],"inLanguage":"es","potentialAction":[{"@type":"CommentAction","name":"Comment","target":["http:\/\/www.mrtrader.com.ar\/?p=134#respond"]}]},{"@type":"WebPage","@id":"http:\/\/www.mrtrader.com.ar\/?p=134","url":"http:\/\/www.mrtrader.com.ar\/?p=134","name":"Argentina y Brasil dicen NO al d&oacute;lar . - M r. T r a d e r","isPartOf":{"@id":"https:\/\/www.mrtrader.com.ar\/#website"},"datePublished":"2008-09-23T14:02:06+00:00","dateModified":"2008-09-25T13:33:07+00:00","breadcrumb":{"@id":"http:\/\/www.mrtrader.com.ar\/?p=134#breadcrumb"},"inLanguage":"es","potentialAction":[{"@type":"ReadAction","target":["http:\/\/www.mrtrader.com.ar\/?p=134"]}]},{"@type":"BreadcrumbList","@id":"http:\/\/www.mrtrader.com.ar\/?p=134#breadcrumb","itemListElement":[{"@type":"ListItem","position":1,"name":"Portada","item":"https:\/\/www.mrtrader.com.ar\/"},{"@type":"ListItem","position":2,"name":"Argentina y Brasil dicen NO al d&oacute;lar ."}]},{"@type":"WebSite","@id":"https:\/\/www.mrtrader.com.ar\/#website","url":"https:\/\/www.mrtrader.com.ar\/","name":"M r. T r a d e r","description":"Entusiasmo por la verdad y el conocimiento","publisher":{"@id":"https:\/\/www.mrtrader.com.ar\/#organization"},"potentialAction":[{"@type":"SearchAction","target":{"@type":"EntryPoint","urlTemplate":"https:\/\/www.mrtrader.com.ar\/?s={search_term_string}"},"query-input":"required name=search_term_string"}],"inLanguage":"es"},{"@type":"Organization","@id":"https:\/\/www.mrtrader.com.ar\/#organization","name":"M r. T r a d e r","url":"https:\/\/www.mrtrader.com.ar\/","logo":{"@type":"ImageObject","inLanguage":"es","@id":"https:\/\/www.mrtrader.com.ar\/#\/schema\/logo\/image\/","url":"http:\/\/www.mrtrader.com.ar\/wp-content\/uploads\/2022\/11\/mrt_negro2.png","contentUrl":"http:\/\/www.mrtrader.com.ar\/wp-content\/uploads\/2022\/11\/mrt_negro2.png","width":233,"height":86,"caption":"M r. T r a d e r"},"image":{"@id":"https:\/\/www.mrtrader.com.ar\/#\/schema\/logo\/image\/"}},{"@type":"Person","@id":"https:\/\/www.mrtrader.com.ar\/#\/schema\/person\/5926826635e39cc691acca716926984f","name":"Mr. Trade","url":"https:\/\/www.mrtrader.com.ar\/?author=1"}]}},"_links":{"self":[{"href":"https:\/\/www.mrtrader.com.ar\/index.php?rest_route=\/wp\/v2\/posts\/134"}],"collection":[{"href":"https:\/\/www.mrtrader.com.ar\/index.php?rest_route=\/wp\/v2\/posts"}],"about":[{"href":"https:\/\/www.mrtrader.com.ar\/index.php?rest_route=\/wp\/v2\/types\/post"}],"author":[{"embeddable":true,"href":"https:\/\/www.mrtrader.com.ar\/index.php?rest_route=\/wp\/v2\/users\/1"}],"replies":[{"embeddable":true,"href":"https:\/\/www.mrtrader.com.ar\/index.php?rest_route=%2Fwp%2Fv2%2Fcomments&post=134"}],"version-history":[{"count":0,"href":"https:\/\/www.mrtrader.com.ar\/index.php?rest_route=\/wp\/v2\/posts\/134\/revisions"}],"wp:attachment":[{"href":"https:\/\/www.mrtrader.com.ar\/index.php?rest_route=%2Fwp%2Fv2%2Fmedia&parent=134"}],"wp:term":[{"taxonomy":"category","embeddable":true,"href":"https:\/\/www.mrtrader.com.ar\/index.php?rest_route=%2Fwp%2Fv2%2Fcategories&post=134"},{"taxonomy":"post_tag","embeddable":true,"href":"https:\/\/www.mrtrader.com.ar\/index.php?rest_route=%2Fwp%2Fv2%2Ftags&post=134"}],"curies":[{"name":"wp","href":"https:\/\/api.w.org\/{rel}","templated":true}]}}