{"id":230,"date":"2009-01-21T16:35:06","date_gmt":"2009-01-21T19:35:06","guid":{"rendered":"http:\/\/www.mrtrader.com.ar\/?p=230"},"modified":"2013-07-08T22:42:58","modified_gmt":"2013-07-09T01:42:58","slug":"230-autosave","status":"publish","type":"post","link":"https:\/\/www.mrtrader.com.ar\/?p=230","title":{"rendered":"Hablan de colectivismo en el siglo 21"},"content":{"rendered":"<p><a href=\"http:\/\/www.mrtrader.com.ar\/wp-content\/uploads\/2013\/07\/Ayn_rand_.jpg\"><img decoding=\"async\" loading=\"lazy\" title=\"Ayn Rand\" style=\"border-top: 0px; border-right: 0px; background-image: none; border-bottom: 0px; float: none; padding-top: 0px; padding-left: 0px; margin-left: auto; border-left: 0px; display: block; padding-right: 0px; margin-right: auto\" border=\"0\" alt=\"Ayn Rand\" src=\"http:\/\/www.mrtrader.com.ar\/wp-content\/uploads\/2013\/07\/Ayn_rand__thumb.jpg\" width=\"580\" height=\"360\" \/><\/a><\/p>\n<p>\u201cSi renuncias a tu capacidad de percibir, si aceptas el cambio de tu paradigma de lo objetivo hacia lo colectivo y esperas que la humanidad te indique qu\u00e9 pensar, ver\u00e1s que hay otro cambio que tambi\u00e9n ocurre delante de los ojos al que has renunciado: ver\u00e1s que tus maestros se convierten en los gobernantes de lo colectivo, y si te niegas a obedecerlos, argumentando que ellos no son la totalidad de la humanidad, te responder\u00e1n: \u2018\u00bfPor qu\u00e9 medio sabes que no lo somos? \u00bfQu\u00e9 es eso de ser, hermano? \u00bfDe d\u00f3nde has sacado ese t\u00e9rmino arcaico?\u2019.<\/p>\n<p>\u201cSi dudas de que \u00e9se es su prop\u00f3sito, observa con cu\u00e1nta pasi\u00f3n los m\u00edsticos del m\u00fasculo luchan para que olvides que el concepto de \u2018mente\u2019 ha existido. Observa las contorsiones de verborragia indefinida; las palabras con significado ambiguo; los t\u00e9rminos que quedan flotando y mediante los cuales intentan evadir el reconocimiento del concepto \u2018pensar\u2019. Tu conciencia, te dicen, consiste en \u2018reflejos\u2019, \u2018reacciones\u2019, \u2018experiencias\u2019, \u2018est\u00edmulos\u2019 y \u2018tendencias\u2019; y se niegan a identificar el modo en que ellos han adquirido ese conocimiento, reh\u00fasan identificar el acto que est\u00e1n realizando cuando te lo comunican, o el acto que realizas cuando los escuchas. Las palabras tienen el poder de \u2018condicionarte\u2019, dicen, y se niegan a identificar la raz\u00f3n por la cual las palabras tienen el poder de alterar t\u00fa&#8230; nada. Un estudiante que lee un libro lo entiende por el proceso de&#8230; nada. Un cient\u00edfico que trabaja sobre un invento esta comprometido en la actividad de&#8230; nada. Un psic\u00f3logo que ayuda a un neur\u00f3tico a resolver un problema y a desenmara\u00f1ar un conflicto, lo hace por medio de&#8230; nada. Un industrial&#8230; es nada, no existe tal persona. Una f\u00e1brica es un \u2018recurso natural\u2019, como un \u00e1rbol, una piedra o un lodazal.<\/p>\n<p>\u201cEl problema de la producci\u00f3n, te dicen, ha sido resuelto y no merece estudio ni preocupaci\u00f3n; el \u00fanico problema que queda para que resuelvan tus \u2018reflejos\u2019 es el de la distribuci\u00f3n. \u00bfQui\u00e9n resolvi\u00f3 el problema de la producci\u00f3n? La humanidad, responden. \u00bfCu\u00e1l fue la soluci\u00f3n? Los bienes est\u00e1n aqu\u00ed. \u00bfC\u00f3mo llegaron hasta aqu\u00ed? De alguna manera. \u00bfQu\u00e9 lo caus\u00f3? Nada tiene causas.<\/p>\n<p>\u201cEllos proclaman que cada ser nace con el derecho a existir sin trabajar y, sin que importen las leyes de la realidad que indican lo contrario, tiene derecho a recibir su \u2018sustento m\u00ednimo\u2019 -su comida, su vestimenta, su techo- sin ning\u00fan esfuerzo de su parte, como su derecho de nacimiento. \u00bfRecibirlo de qui\u00e9n? No hay respuesta. Todo hombre, anuncian, es due\u00f1o de una misma porci\u00f3n de los beneficios tecnol\u00f3gicos creados en el mundo. \u00bfCreados por qui\u00e9n? No hay respuesta. Fren\u00e9ticos cobardes que se postulan como defensores de los industriales, definen ahora el prop\u00f3sito de la econom\u00eda como \u2018un ajuste entre los deseos ilimitados de la gente y la limitada provisi\u00f3n de productos\u2019. \u00bfProvistos por qui\u00e9n? No hay respuesta. Rufianes intelectuales que se presentan como profesores, desprecian a los pensadores del pasado, declarando que sus teor\u00edas sociales estaban basadas en la suposici\u00f3n poco pr\u00e1ctica de que el hombre es un ser racional, pero como los hombres no son racionales, declaran, deber\u00eda establecerse un sistema que hiciera posible existir siendo irracional, o sea: desafiando a la realidad. \u00bfQui\u00e9n lo har\u00e1 posible? No hay respuesta. Cualquier mediocridad extraviada acapara los titulares de los peri\u00f3dicos con planes para controlar la producci\u00f3n de la humanidad, y sin que importe qui\u00e9n est\u00e1 de acuerdo o en desacuerdo con sus estad\u00edsticas, nadie cuestiona su derecho a imponer sus planes por medio de un arma. \u00bfImponer a qui\u00e9n? No hay respuesta.<\/p>\n<p>\u201cMujeres con ingresos sin causa revolotean en viajes alrededor del mundo y regresan con el mensaje de que los pueblos atrasados de la Tierra demandan un mayor nivel de vida. \u00bfLo demandan a qui\u00e9n? No hay respuesta.<\/p>\n<p>Fragmento del libro La Rebeli\u00f3n de Atlas de Ayn Rand .<\/p>\n<h1><a title=\"Permanent Link to La Rebeli\u00f3n de Atlas . Ayn Rand\" href=\"http:\/\/www.mrtrader.com.ar\/?p=214\" rel=\"bookmark\">La Rebeli\u00f3n de Atlas . Ayn Rand<\/a><\/h1>\n","protected":false},"excerpt":{"rendered":"<p>\u201cSi renuncias a tu capacidad de percibir, si aceptas el cambio de tu paradigma de lo objetivo hacia lo colectivo y esperas que la humanidad te indique qu\u00e9 pensar, ver\u00e1s que hay otro cambio que tambi\u00e9n ocurre delante de los ojos al que has renunciado: ver\u00e1s que tus maestros se convierten en los gobernantes de lo colectivo, y si te niegas a obedecerlos, argumentando que ellos no son la totalidad de la humanidad, te responder\u00e1n: \u2018\u00bfPor qu\u00e9 medio sabes que no lo somos? \u00bfQu\u00e9 es eso de ser, hermano? \u00bfDe d\u00f3nde has sacado ese t\u00e9rmino arcaico?\u2019.\u2026 <a href=\"http:\/\/www.mrtrader.com.ar\/?p=3716\" class=\"read_more\">Seguir leyendo<\/a><\/p>\n","protected":false},"author":1,"featured_media":0,"comment_status":"open","ping_status":"open","sticky":false,"template":"","format":"standard","meta":[],"categories":[54],"tags":[1241,433,1242],"yoast_head":"<!-- This site is optimized with the Yoast SEO plugin v19.10 - https:\/\/yoast.com\/wordpress\/plugins\/seo\/ -->\n<title>Hablan de colectivismo en el siglo 21 - M r. T r a d e r<\/title>\n<meta name=\"robots\" content=\"index, follow, max-snippet:-1, max-image-preview:large, max-video-preview:-1\" \/>\n<link rel=\"canonical\" href=\"http:\/\/www.mrtrader.com.ar\/?p=230\" \/>\n<meta property=\"og:locale\" content=\"es_ES\" \/>\n<meta property=\"og:type\" content=\"article\" \/>\n<meta property=\"og:title\" content=\"Hablan de colectivismo en el siglo 21 - M r. T r a d e r\" \/>\n<meta property=\"og:description\" content=\"\u201cSi renuncias a tu capacidad de percibir, si aceptas el cambio de tu paradigma de lo objetivo hacia lo colectivo y esperas que la humanidad te indique qu\u00e9 pensar, ver\u00e1s que hay otro cambio que tambi\u00e9n ocurre delante de los ojos al que has renunciado: ver\u00e1s que tus maestros se convierten en los gobernantes de lo colectivo, y si te niegas a obedecerlos, argumentando que ellos no son la totalidad de la humanidad, te responder\u00e1n: \u2018\u00bfPor qu\u00e9 medio sabes que no lo somos? \u00bfQu\u00e9 es eso de ser, hermano? \u00bfDe d\u00f3nde has sacado ese t\u00e9rmino arcaico?\u2019.\u2026 Seguir leyendo\" \/>\n<meta property=\"og:url\" content=\"http:\/\/www.mrtrader.com.ar\/?p=230\" \/>\n<meta property=\"og:site_name\" content=\"M r. T r a d e r\" \/>\n<meta property=\"article:published_time\" content=\"2009-01-21T19:35:06+00:00\" \/>\n<meta property=\"article:modified_time\" content=\"2013-07-09T01:42:58+00:00\" \/>\n<meta property=\"og:image\" content=\"http:\/\/www.mrtrader.com.ar\/wp-content\/uploads\/2013\/07\/Ayn_rand__thumb.jpg\" \/>\n<meta name=\"author\" content=\"Mr. Trade\" \/>\n<meta name=\"twitter:card\" content=\"summary_large_image\" \/>\n<meta name=\"twitter:label1\" content=\"Escrito por\" \/>\n\t<meta name=\"twitter:data1\" content=\"Mr. Trade\" \/>\n\t<meta name=\"twitter:label2\" content=\"Tiempo de lectura\" \/>\n\t<meta name=\"twitter:data2\" content=\"3 minutos\" \/>\n<script type=\"application\/ld+json\" class=\"yoast-schema-graph\">{\"@context\":\"https:\/\/schema.org\",\"@graph\":[{\"@type\":\"Article\",\"@id\":\"http:\/\/www.mrtrader.com.ar\/?p=230#article\",\"isPartOf\":{\"@id\":\"http:\/\/www.mrtrader.com.ar\/?p=230\"},\"author\":{\"name\":\"Mr. Trade\",\"@id\":\"http:\/\/www.mrtrader.com.ar\/#\/schema\/person\/5926826635e39cc691acca716926984f\"},\"headline\":\"Hablan de colectivismo en el siglo 21\",\"datePublished\":\"2009-01-21T19:35:06+00:00\",\"dateModified\":\"2013-07-09T01:42:58+00:00\",\"mainEntityOfPage\":{\"@id\":\"http:\/\/www.mrtrader.com.ar\/?p=230\"},\"wordCount\":702,\"commentCount\":0,\"publisher\":{\"@id\":\"http:\/\/www.mrtrader.com.ar\/#organization\"},\"keywords\":[\"Ayn Rand\",\"colectivismo\",\"liberal\"],\"articleSection\":[\"Argentina\"],\"inLanguage\":\"es\",\"potentialAction\":[{\"@type\":\"CommentAction\",\"name\":\"Comment\",\"target\":[\"http:\/\/www.mrtrader.com.ar\/?p=230#respond\"]}]},{\"@type\":\"WebPage\",\"@id\":\"http:\/\/www.mrtrader.com.ar\/?p=230\",\"url\":\"http:\/\/www.mrtrader.com.ar\/?p=230\",\"name\":\"Hablan de colectivismo en el siglo 21 - M r. T r a d e r\",\"isPartOf\":{\"@id\":\"http:\/\/www.mrtrader.com.ar\/#website\"},\"datePublished\":\"2009-01-21T19:35:06+00:00\",\"dateModified\":\"2013-07-09T01:42:58+00:00\",\"breadcrumb\":{\"@id\":\"http:\/\/www.mrtrader.com.ar\/?p=230#breadcrumb\"},\"inLanguage\":\"es\",\"potentialAction\":[{\"@type\":\"ReadAction\",\"target\":[\"http:\/\/www.mrtrader.com.ar\/?p=230\"]}]},{\"@type\":\"BreadcrumbList\",\"@id\":\"http:\/\/www.mrtrader.com.ar\/?p=230#breadcrumb\",\"itemListElement\":[{\"@type\":\"ListItem\",\"position\":1,\"name\":\"Portada\",\"item\":\"http:\/\/www.mrtrader.com.ar\/\"},{\"@type\":\"ListItem\",\"position\":2,\"name\":\"Hablan de colectivismo en el siglo 21\"}]},{\"@type\":\"WebSite\",\"@id\":\"http:\/\/www.mrtrader.com.ar\/#website\",\"url\":\"http:\/\/www.mrtrader.com.ar\/\",\"name\":\"M r. T r a d e r\",\"description\":\"Entusiasmo por la verdad y el conocimiento\",\"publisher\":{\"@id\":\"http:\/\/www.mrtrader.com.ar\/#organization\"},\"potentialAction\":[{\"@type\":\"SearchAction\",\"target\":{\"@type\":\"EntryPoint\",\"urlTemplate\":\"http:\/\/www.mrtrader.com.ar\/?s={search_term_string}\"},\"query-input\":\"required name=search_term_string\"}],\"inLanguage\":\"es\"},{\"@type\":\"Organization\",\"@id\":\"http:\/\/www.mrtrader.com.ar\/#organization\",\"name\":\"M r. T r a d e r\",\"url\":\"http:\/\/www.mrtrader.com.ar\/\",\"logo\":{\"@type\":\"ImageObject\",\"inLanguage\":\"es\",\"@id\":\"http:\/\/www.mrtrader.com.ar\/#\/schema\/logo\/image\/\",\"url\":\"http:\/\/www.mrtrader.com.ar\/wp-content\/uploads\/2022\/11\/mrt_negro2.png\",\"contentUrl\":\"http:\/\/www.mrtrader.com.ar\/wp-content\/uploads\/2022\/11\/mrt_negro2.png\",\"width\":233,\"height\":86,\"caption\":\"M r. T r a d e r\"},\"image\":{\"@id\":\"http:\/\/www.mrtrader.com.ar\/#\/schema\/logo\/image\/\"}},{\"@type\":\"Person\",\"@id\":\"http:\/\/www.mrtrader.com.ar\/#\/schema\/person\/5926826635e39cc691acca716926984f\",\"name\":\"Mr. Trade\",\"url\":\"https:\/\/www.mrtrader.com.ar\/?author=1\"}]}<\/script>\n<!-- \/ Yoast SEO plugin. -->","yoast_head_json":{"title":"Hablan de colectivismo en el siglo 21 - M r. T r a d e r","robots":{"index":"index","follow":"follow","max-snippet":"max-snippet:-1","max-image-preview":"max-image-preview:large","max-video-preview":"max-video-preview:-1"},"canonical":"http:\/\/www.mrtrader.com.ar\/?p=230","og_locale":"es_ES","og_type":"article","og_title":"Hablan de colectivismo en el siglo 21 - M r. T r a d e r","og_description":"\u201cSi renuncias a tu capacidad de percibir, si aceptas el cambio de tu paradigma de lo objetivo hacia lo colectivo y esperas que la humanidad te indique qu\u00e9 pensar, ver\u00e1s que hay otro cambio que tambi\u00e9n ocurre delante de los ojos al que has renunciado: ver\u00e1s que tus maestros se convierten en los gobernantes de lo colectivo, y si te niegas a obedecerlos, argumentando que ellos no son la totalidad de la humanidad, te responder\u00e1n: \u2018\u00bfPor qu\u00e9 medio sabes que no lo somos? \u00bfQu\u00e9 es eso de ser, hermano? \u00bfDe d\u00f3nde has sacado ese t\u00e9rmino arcaico?\u2019.\u2026 Seguir leyendo","og_url":"http:\/\/www.mrtrader.com.ar\/?p=230","og_site_name":"M r. T r a d e r","article_published_time":"2009-01-21T19:35:06+00:00","article_modified_time":"2013-07-09T01:42:58+00:00","og_image":[{"url":"http:\/\/www.mrtrader.com.ar\/wp-content\/uploads\/2013\/07\/Ayn_rand__thumb.jpg"}],"author":"Mr. Trade","twitter_card":"summary_large_image","twitter_misc":{"Escrito por":"Mr. Trade","Tiempo de lectura":"3 minutos"},"schema":{"@context":"https:\/\/schema.org","@graph":[{"@type":"Article","@id":"http:\/\/www.mrtrader.com.ar\/?p=230#article","isPartOf":{"@id":"http:\/\/www.mrtrader.com.ar\/?p=230"},"author":{"name":"Mr. Trade","@id":"http:\/\/www.mrtrader.com.ar\/#\/schema\/person\/5926826635e39cc691acca716926984f"},"headline":"Hablan de colectivismo en el siglo 21","datePublished":"2009-01-21T19:35:06+00:00","dateModified":"2013-07-09T01:42:58+00:00","mainEntityOfPage":{"@id":"http:\/\/www.mrtrader.com.ar\/?p=230"},"wordCount":702,"commentCount":0,"publisher":{"@id":"http:\/\/www.mrtrader.com.ar\/#organization"},"keywords":["Ayn Rand","colectivismo","liberal"],"articleSection":["Argentina"],"inLanguage":"es","potentialAction":[{"@type":"CommentAction","name":"Comment","target":["http:\/\/www.mrtrader.com.ar\/?p=230#respond"]}]},{"@type":"WebPage","@id":"http:\/\/www.mrtrader.com.ar\/?p=230","url":"http:\/\/www.mrtrader.com.ar\/?p=230","name":"Hablan de colectivismo en el siglo 21 - M r. T r a d e r","isPartOf":{"@id":"http:\/\/www.mrtrader.com.ar\/#website"},"datePublished":"2009-01-21T19:35:06+00:00","dateModified":"2013-07-09T01:42:58+00:00","breadcrumb":{"@id":"http:\/\/www.mrtrader.com.ar\/?p=230#breadcrumb"},"inLanguage":"es","potentialAction":[{"@type":"ReadAction","target":["http:\/\/www.mrtrader.com.ar\/?p=230"]}]},{"@type":"BreadcrumbList","@id":"http:\/\/www.mrtrader.com.ar\/?p=230#breadcrumb","itemListElement":[{"@type":"ListItem","position":1,"name":"Portada","item":"http:\/\/www.mrtrader.com.ar\/"},{"@type":"ListItem","position":2,"name":"Hablan de colectivismo en el siglo 21"}]},{"@type":"WebSite","@id":"http:\/\/www.mrtrader.com.ar\/#website","url":"http:\/\/www.mrtrader.com.ar\/","name":"M r. T r a d e r","description":"Entusiasmo por la verdad y el conocimiento","publisher":{"@id":"http:\/\/www.mrtrader.com.ar\/#organization"},"potentialAction":[{"@type":"SearchAction","target":{"@type":"EntryPoint","urlTemplate":"http:\/\/www.mrtrader.com.ar\/?s={search_term_string}"},"query-input":"required name=search_term_string"}],"inLanguage":"es"},{"@type":"Organization","@id":"http:\/\/www.mrtrader.com.ar\/#organization","name":"M r. T r a d e r","url":"http:\/\/www.mrtrader.com.ar\/","logo":{"@type":"ImageObject","inLanguage":"es","@id":"http:\/\/www.mrtrader.com.ar\/#\/schema\/logo\/image\/","url":"http:\/\/www.mrtrader.com.ar\/wp-content\/uploads\/2022\/11\/mrt_negro2.png","contentUrl":"http:\/\/www.mrtrader.com.ar\/wp-content\/uploads\/2022\/11\/mrt_negro2.png","width":233,"height":86,"caption":"M r. T r a d e r"},"image":{"@id":"http:\/\/www.mrtrader.com.ar\/#\/schema\/logo\/image\/"}},{"@type":"Person","@id":"http:\/\/www.mrtrader.com.ar\/#\/schema\/person\/5926826635e39cc691acca716926984f","name":"Mr. Trade","url":"https:\/\/www.mrtrader.com.ar\/?author=1"}]}},"_links":{"self":[{"href":"https:\/\/www.mrtrader.com.ar\/index.php?rest_route=\/wp\/v2\/posts\/230"}],"collection":[{"href":"https:\/\/www.mrtrader.com.ar\/index.php?rest_route=\/wp\/v2\/posts"}],"about":[{"href":"https:\/\/www.mrtrader.com.ar\/index.php?rest_route=\/wp\/v2\/types\/post"}],"author":[{"embeddable":true,"href":"https:\/\/www.mrtrader.com.ar\/index.php?rest_route=\/wp\/v2\/users\/1"}],"replies":[{"embeddable":true,"href":"https:\/\/www.mrtrader.com.ar\/index.php?rest_route=%2Fwp%2Fv2%2Fcomments&post=230"}],"version-history":[{"count":7,"href":"https:\/\/www.mrtrader.com.ar\/index.php?rest_route=\/wp\/v2\/posts\/230\/revisions"}],"predecessor-version":[{"id":3732,"href":"https:\/\/www.mrtrader.com.ar\/index.php?rest_route=\/wp\/v2\/posts\/230\/revisions\/3732"}],"wp:attachment":[{"href":"https:\/\/www.mrtrader.com.ar\/index.php?rest_route=%2Fwp%2Fv2%2Fmedia&parent=230"}],"wp:term":[{"taxonomy":"category","embeddable":true,"href":"https:\/\/www.mrtrader.com.ar\/index.php?rest_route=%2Fwp%2Fv2%2Fcategories&post=230"},{"taxonomy":"post_tag","embeddable":true,"href":"https:\/\/www.mrtrader.com.ar\/index.php?rest_route=%2Fwp%2Fv2%2Ftags&post=230"}],"curies":[{"name":"wp","href":"https:\/\/api.w.org\/{rel}","templated":true}]}}