{"id":3210,"date":"2012-02-09T10:42:29","date_gmt":"2012-02-09T13:42:29","guid":{"rendered":"http:\/\/www.mrtrader.com.ar\/?p=3210"},"modified":"2012-02-09T10:42:29","modified_gmt":"2012-02-09T13:42:29","slug":"fed-eq3-un-alivio-cuantitativo-con-dudas","status":"publish","type":"post","link":"https:\/\/www.mrtrader.com.ar\/?p=3210","title":{"rendered":"FED, EQ3 un alivio cuantitativo con dudas"},"content":{"rendered":"<blockquote>\n<p><a href=\"http:\/\/www.mrtrader.com.ar\/wp-content\/uploads\/2012\/02\/Lacker_fed.gif\"><img decoding=\"async\" loading=\"lazy\" style=\"border-bottom: 0px; border-left: 0px; margin: 5px 10px 0px; display: inline; border-top: 0px; border-right: 0px\" title=\"Lacker\" border=\"0\" alt=\"Lacker\" align=\"left\" src=\"http:\/\/www.mrtrader.com.ar\/wp-content\/uploads\/2012\/02\/Lacker_fed_thumb.gif\" width=\"58\" height=\"99\" \/><\/a>&#160;&#160; NUEVA YORK (Reuters) &#8211; Un alto funcionario de la Reserva Federal dijo el mi\u00e9rcoles que no ve raz\u00f3n para m\u00e1s compras de activos si los datos econ\u00f3micos de Estados Unidos siguen demostrando que la recuperaci\u00f3n est\u00e1 tomando vuelo. <\/p>\n<p>&quot;Siempre est\u00e1 el riesgo de acontecimientos inesperados que justifiquen mayor est\u00edmulo, pero no veo esas perspectivas como muy probables por el momento, para nada&quot;, dijo en CNN el presidente de la Fed de Richmond, Jeffrey Lacker, tras haber sido consultado por una tercera ronda de alivio cuantitativo. <\/p>\n<p>&quot;Si seguimos recibiendo datos como estos, no veo raz\u00f3n para mayor alivio en este punto, en absoluto&quot;, a\u00f1adi\u00f3. <\/p>\n<p>Lacker vot\u00f3 en contra de la decisi\u00f3n del banco central del 25 de enero, que manifest\u00f3 que esperaba mantener las tasas de inter\u00e9s &quot;excepcionalmente bajas&quot; hacia al menos fines del 2014, porque cree que las tasas tendr\u00e1n que subir antes de eso. <\/p>\n<p>Anteriormente hab\u00eda expresado su escepticismo sobre las poco convencionales medidas de pol\u00edtica de la Fed en respuesta a la crisis del 2008, incluyendo la \u00faltima ronda de compra de bonos, o segundo alivio cuantitativo. <\/p>\n<p>Los datos mejores de lo esperado en el empleo, manufactura y gasto del consumidor en Estados Unidos, en parte impulsaron el voto en contra de Lacker. &quot;La econom\u00eda est\u00e1 ganando impulso en estos momentos&quot;, acot\u00f3.<\/p>\n<\/blockquote>\n<p>En 2008, comienzo de la crisis Laker, dijo \u201cRecesi\u00f3n si, recorte de tasas no\u201d, un buen diagnostico pero sin voto, que demuestra que su forma de ver las cosas no es la misma que la de los restantes miembros de la FED.<\/p>\n<p><!--more--><\/p>\n<p>&#160;<\/p>\n<blockquote>\n<p><a href=\"http:\/\/www.mrtrader.com.ar\/wp-content\/uploads\/2012\/02\/Ben_bernanke.jpg\"><img decoding=\"async\" loading=\"lazy\" style=\"border-bottom: 0px; border-left: 0px; margin: 15px 0px 0px; display: inline; border-top: 0px; border-right: 0px\" title=\"Ben Bernanke\" border=\"0\" alt=\"Ben Bernanke\" align=\"left\" src=\"http:\/\/www.mrtrader.com.ar\/wp-content\/uploads\/2012\/02\/Ben_bernanke_thumb.jpg\" width=\"240\" height=\"174\" \/><\/a> 08\/02\/2012-El presidente de la Reserva Federal de Estados Unidos, Ben S. Bernanke, anunci\u00f3 la Comit\u00e9 Presupuestario del Senado ayer que su promesa de mantener las tasas de inter\u00e9s en niveles cercanos a cero hasta por lo menos finales de 2014 sigue firme, a pesar de que el desempleo haya ca\u00eddo a su nivel m\u00ednimo en tres a\u00f1os. De acuerdo con Bernanke, la reducci\u00f3n en la tasa de desempleo a 8,3% en enero disimula las debilidades del mercado laboral estadounidense.<\/p>\n<p>\u201cEs muy importante no solo mirar la tasa de desempleo, la cual refleja tan solo a las personas que est\u00e1n activamente buscando trabajo\u201d dijo durante su testimonio ante el Senado. \u201cTambi\u00e9n hay muchas personas que est\u00e1n o fuera del mercado laboral porque no creen que pueden encontrar un empleo\u201d o que han buscando trabajo a tiempo parcial.<\/p>\n<p>Aunque la tasa de desempleo ha ca\u00eddo por cinco meses consecutivos, sigue estando por encima del rango entre 5,2% y 6% que la Fed dice corresponder a una situaci\u00f3n m\u00e1xima de empleo. El porcentaje de desempleados que se ha mantenido sin empleo por m\u00e1s de 27 semanas o m\u00e1s, aument\u00f3 a 42,9% en enero de 42,5% en diciembre, estableci\u00f3 el Departamento de Empleo.<\/p>\n<p>&#160;<\/p>\n<\/blockquote>\n<p>Si el euro no se fortalece por buenas noticias y las perspectivas de inflaci\u00f3n en EE.UU.&#160; siguen bajas(Bernanke mantendr\u00e1 las tasas bajas hasta 2014), la FED tendr\u00e1 su motivo claro, para el EQ3.<\/p>\n<p>Saludos y que tengan un buen d\u00eda.<\/p>\n<p>&#160;&#160;&#160;&#160;&#160;&#160;&#160;&#160;&#160;&#160;&#160;&#160;&#160;&#160;&#160;&#160;&#160;&#160;&#160;&#160;&#160;&#160;&#160;&#160;&#160;&#160;&#160;&#160;&#160;&#160;&#160;&#160;&#160;&#160;&#160;&#160;&#160;&#160;&#160;&#160;&#160;&#160;&#160;&#160;&#160;&#160;&#160;&#160;&#160;&#160;&#160;&#160;&#160;&#160;&#160; Gustavo<\/p>\n<h4>&#160;<\/h4>\n<h4><a href=\"http:\/\/www.mrtrader.com.ar\/?p=2247\">Alivio cuantitativo, inflaci\u00f3n y trabajo en los EE.UU.<\/a>&#160;<\/h4>\n<h4><a href=\"http:\/\/www.mrtrader.com.ar\/?p=3112\">Swap al rescate de los bancos en Europa<\/a><\/h4>\n<h4><a href=\"http:\/\/www.mrtrader.com.ar\/?p=2199\">Inflando burbujas en los mercados emergentes<\/a><\/h4>\n","protected":false},"excerpt":{"rendered":"<p>&#160;&#160; NUEVA YORK (Reuters) &#8211; Un alto funcionario de la Reserva Federal dijo el mi\u00e9rcoles que no ve raz\u00f3n para m\u00e1s compras de activos si los datos econ\u00f3micos de Estados Unidos siguen demostrando que la recuperaci\u00f3n est\u00e1 tomando vuelo. &quot;Siempre est\u00e1 el riesgo de acontecimientos inesperados que justifiquen mayor est\u00edmulo, pero no veo esas perspectivas [&hellip;]<\/p>\n","protected":false},"author":1,"featured_media":0,"comment_status":"open","ping_status":"open","sticky":false,"template":"","format":"standard","meta":[],"categories":[1015,10],"tags":[1111,1112,411],"yoast_head":"<!-- This site is optimized with the Yoast SEO plugin v19.10 - https:\/\/yoast.com\/wordpress\/plugins\/seo\/ -->\n<title>FED, EQ3 un alivio cuantitativo con dudas - M r. T r a d e r<\/title>\n<meta name=\"robots\" content=\"index, follow, max-snippet:-1, max-image-preview:large, max-video-preview:-1\" \/>\n<link rel=\"canonical\" href=\"https:\/\/www.mrtrader.com.ar\/?p=3210\" \/>\n<meta property=\"og:locale\" content=\"es_ES\" \/>\n<meta property=\"og:type\" content=\"article\" \/>\n<meta property=\"og:title\" content=\"FED, EQ3 un alivio cuantitativo con dudas - M r. T r a d e r\" \/>\n<meta property=\"og:description\" content=\"&#160;&#160; NUEVA YORK (Reuters) &#8211; Un alto funcionario de la Reserva Federal dijo el mi\u00e9rcoles que no ve raz\u00f3n para m\u00e1s compras de activos si los datos econ\u00f3micos de Estados Unidos siguen demostrando que la recuperaci\u00f3n est\u00e1 tomando vuelo. &quot;Siempre est\u00e1 el riesgo de acontecimientos inesperados que justifiquen mayor est\u00edmulo, pero no veo esas perspectivas [&hellip;]\" \/>\n<meta property=\"og:url\" content=\"https:\/\/www.mrtrader.com.ar\/?p=3210\" \/>\n<meta property=\"og:site_name\" content=\"M r. T r a d e r\" \/>\n<meta property=\"article:published_time\" content=\"2012-02-09T13:42:29+00:00\" \/>\n<meta property=\"og:image\" content=\"http:\/\/www.mrtrader.com.ar\/wp-content\/uploads\/2012\/02\/Lacker_fed_thumb.gif\" \/>\n<meta name=\"author\" content=\"Mr. Trade\" \/>\n<meta name=\"twitter:card\" content=\"summary_large_image\" \/>\n<meta name=\"twitter:label1\" content=\"Escrito por\" \/>\n\t<meta name=\"twitter:data1\" content=\"Mr. Trade\" \/>\n\t<meta name=\"twitter:label2\" content=\"Tiempo de lectura\" \/>\n\t<meta name=\"twitter:data2\" content=\"3 minutos\" \/>\n<script type=\"application\/ld+json\" class=\"yoast-schema-graph\">{\"@context\":\"https:\/\/schema.org\",\"@graph\":[{\"@type\":\"Article\",\"@id\":\"https:\/\/www.mrtrader.com.ar\/?p=3210#article\",\"isPartOf\":{\"@id\":\"https:\/\/www.mrtrader.com.ar\/?p=3210\"},\"author\":{\"name\":\"Mr. Trade\",\"@id\":\"http:\/\/www.mrtrader.com.ar\/#\/schema\/person\/5926826635e39cc691acca716926984f\"},\"headline\":\"FED, EQ3 un alivio cuantitativo con dudas\",\"datePublished\":\"2012-02-09T13:42:29+00:00\",\"dateModified\":\"2012-02-09T13:42:29+00:00\",\"mainEntityOfPage\":{\"@id\":\"https:\/\/www.mrtrader.com.ar\/?p=3210\"},\"wordCount\":555,\"commentCount\":0,\"publisher\":{\"@id\":\"http:\/\/www.mrtrader.com.ar\/#organization\"},\"keywords\":[\"alivio cuantitativo\",\"EQ3\",\"fed\"],\"articleSection\":[\"Econom\u00eda\",\"FOREX euro,d\u00f3lar..\"],\"inLanguage\":\"es\",\"potentialAction\":[{\"@type\":\"CommentAction\",\"name\":\"Comment\",\"target\":[\"https:\/\/www.mrtrader.com.ar\/?p=3210#respond\"]}]},{\"@type\":\"WebPage\",\"@id\":\"https:\/\/www.mrtrader.com.ar\/?p=3210\",\"url\":\"https:\/\/www.mrtrader.com.ar\/?p=3210\",\"name\":\"FED, EQ3 un alivio cuantitativo con dudas - M r. T r a d e r\",\"isPartOf\":{\"@id\":\"http:\/\/www.mrtrader.com.ar\/#website\"},\"datePublished\":\"2012-02-09T13:42:29+00:00\",\"dateModified\":\"2012-02-09T13:42:29+00:00\",\"breadcrumb\":{\"@id\":\"https:\/\/www.mrtrader.com.ar\/?p=3210#breadcrumb\"},\"inLanguage\":\"es\",\"potentialAction\":[{\"@type\":\"ReadAction\",\"target\":[\"https:\/\/www.mrtrader.com.ar\/?p=3210\"]}]},{\"@type\":\"BreadcrumbList\",\"@id\":\"https:\/\/www.mrtrader.com.ar\/?p=3210#breadcrumb\",\"itemListElement\":[{\"@type\":\"ListItem\",\"position\":1,\"name\":\"Portada\",\"item\":\"http:\/\/www.mrtrader.com.ar\/\"},{\"@type\":\"ListItem\",\"position\":2,\"name\":\"FED, EQ3 un alivio cuantitativo con dudas\"}]},{\"@type\":\"WebSite\",\"@id\":\"http:\/\/www.mrtrader.com.ar\/#website\",\"url\":\"http:\/\/www.mrtrader.com.ar\/\",\"name\":\"M r. T r a d e r\",\"description\":\"Entusiasmo por la verdad y el conocimiento\",\"publisher\":{\"@id\":\"http:\/\/www.mrtrader.com.ar\/#organization\"},\"potentialAction\":[{\"@type\":\"SearchAction\",\"target\":{\"@type\":\"EntryPoint\",\"urlTemplate\":\"http:\/\/www.mrtrader.com.ar\/?s={search_term_string}\"},\"query-input\":\"required name=search_term_string\"}],\"inLanguage\":\"es\"},{\"@type\":\"Organization\",\"@id\":\"http:\/\/www.mrtrader.com.ar\/#organization\",\"name\":\"M r. T r a d e r\",\"url\":\"http:\/\/www.mrtrader.com.ar\/\",\"logo\":{\"@type\":\"ImageObject\",\"inLanguage\":\"es\",\"@id\":\"http:\/\/www.mrtrader.com.ar\/#\/schema\/logo\/image\/\",\"url\":\"http:\/\/www.mrtrader.com.ar\/wp-content\/uploads\/2022\/11\/mrt_negro2.png\",\"contentUrl\":\"http:\/\/www.mrtrader.com.ar\/wp-content\/uploads\/2022\/11\/mrt_negro2.png\",\"width\":233,\"height\":86,\"caption\":\"M r. T r a d e r\"},\"image\":{\"@id\":\"http:\/\/www.mrtrader.com.ar\/#\/schema\/logo\/image\/\"}},{\"@type\":\"Person\",\"@id\":\"http:\/\/www.mrtrader.com.ar\/#\/schema\/person\/5926826635e39cc691acca716926984f\",\"name\":\"Mr. Trade\",\"url\":\"https:\/\/www.mrtrader.com.ar\/?author=1\"}]}<\/script>\n<!-- \/ Yoast SEO plugin. -->","yoast_head_json":{"title":"FED, EQ3 un alivio cuantitativo con dudas - M r. T r a d e r","robots":{"index":"index","follow":"follow","max-snippet":"max-snippet:-1","max-image-preview":"max-image-preview:large","max-video-preview":"max-video-preview:-1"},"canonical":"https:\/\/www.mrtrader.com.ar\/?p=3210","og_locale":"es_ES","og_type":"article","og_title":"FED, EQ3 un alivio cuantitativo con dudas - M r. T r a d e r","og_description":"&#160;&#160; NUEVA YORK (Reuters) &#8211; Un alto funcionario de la Reserva Federal dijo el mi\u00e9rcoles que no ve raz\u00f3n para m\u00e1s compras de activos si los datos econ\u00f3micos de Estados Unidos siguen demostrando que la recuperaci\u00f3n est\u00e1 tomando vuelo. &quot;Siempre est\u00e1 el riesgo de acontecimientos inesperados que justifiquen mayor est\u00edmulo, pero no veo esas perspectivas [&hellip;]","og_url":"https:\/\/www.mrtrader.com.ar\/?p=3210","og_site_name":"M r. T r a d e r","article_published_time":"2012-02-09T13:42:29+00:00","og_image":[{"url":"http:\/\/www.mrtrader.com.ar\/wp-content\/uploads\/2012\/02\/Lacker_fed_thumb.gif"}],"author":"Mr. Trade","twitter_card":"summary_large_image","twitter_misc":{"Escrito por":"Mr. Trade","Tiempo de lectura":"3 minutos"},"schema":{"@context":"https:\/\/schema.org","@graph":[{"@type":"Article","@id":"https:\/\/www.mrtrader.com.ar\/?p=3210#article","isPartOf":{"@id":"https:\/\/www.mrtrader.com.ar\/?p=3210"},"author":{"name":"Mr. Trade","@id":"http:\/\/www.mrtrader.com.ar\/#\/schema\/person\/5926826635e39cc691acca716926984f"},"headline":"FED, EQ3 un alivio cuantitativo con dudas","datePublished":"2012-02-09T13:42:29+00:00","dateModified":"2012-02-09T13:42:29+00:00","mainEntityOfPage":{"@id":"https:\/\/www.mrtrader.com.ar\/?p=3210"},"wordCount":555,"commentCount":0,"publisher":{"@id":"http:\/\/www.mrtrader.com.ar\/#organization"},"keywords":["alivio cuantitativo","EQ3","fed"],"articleSection":["Econom\u00eda","FOREX euro,d\u00f3lar.."],"inLanguage":"es","potentialAction":[{"@type":"CommentAction","name":"Comment","target":["https:\/\/www.mrtrader.com.ar\/?p=3210#respond"]}]},{"@type":"WebPage","@id":"https:\/\/www.mrtrader.com.ar\/?p=3210","url":"https:\/\/www.mrtrader.com.ar\/?p=3210","name":"FED, EQ3 un alivio cuantitativo con dudas - M r. T r a d e r","isPartOf":{"@id":"http:\/\/www.mrtrader.com.ar\/#website"},"datePublished":"2012-02-09T13:42:29+00:00","dateModified":"2012-02-09T13:42:29+00:00","breadcrumb":{"@id":"https:\/\/www.mrtrader.com.ar\/?p=3210#breadcrumb"},"inLanguage":"es","potentialAction":[{"@type":"ReadAction","target":["https:\/\/www.mrtrader.com.ar\/?p=3210"]}]},{"@type":"BreadcrumbList","@id":"https:\/\/www.mrtrader.com.ar\/?p=3210#breadcrumb","itemListElement":[{"@type":"ListItem","position":1,"name":"Portada","item":"http:\/\/www.mrtrader.com.ar\/"},{"@type":"ListItem","position":2,"name":"FED, EQ3 un alivio cuantitativo con dudas"}]},{"@type":"WebSite","@id":"http:\/\/www.mrtrader.com.ar\/#website","url":"http:\/\/www.mrtrader.com.ar\/","name":"M r. T r a d e r","description":"Entusiasmo por la verdad y el conocimiento","publisher":{"@id":"http:\/\/www.mrtrader.com.ar\/#organization"},"potentialAction":[{"@type":"SearchAction","target":{"@type":"EntryPoint","urlTemplate":"http:\/\/www.mrtrader.com.ar\/?s={search_term_string}"},"query-input":"required name=search_term_string"}],"inLanguage":"es"},{"@type":"Organization","@id":"http:\/\/www.mrtrader.com.ar\/#organization","name":"M r. T r a d e r","url":"http:\/\/www.mrtrader.com.ar\/","logo":{"@type":"ImageObject","inLanguage":"es","@id":"http:\/\/www.mrtrader.com.ar\/#\/schema\/logo\/image\/","url":"http:\/\/www.mrtrader.com.ar\/wp-content\/uploads\/2022\/11\/mrt_negro2.png","contentUrl":"http:\/\/www.mrtrader.com.ar\/wp-content\/uploads\/2022\/11\/mrt_negro2.png","width":233,"height":86,"caption":"M r. T r a d e r"},"image":{"@id":"http:\/\/www.mrtrader.com.ar\/#\/schema\/logo\/image\/"}},{"@type":"Person","@id":"http:\/\/www.mrtrader.com.ar\/#\/schema\/person\/5926826635e39cc691acca716926984f","name":"Mr. Trade","url":"https:\/\/www.mrtrader.com.ar\/?author=1"}]}},"_links":{"self":[{"href":"https:\/\/www.mrtrader.com.ar\/index.php?rest_route=\/wp\/v2\/posts\/3210"}],"collection":[{"href":"https:\/\/www.mrtrader.com.ar\/index.php?rest_route=\/wp\/v2\/posts"}],"about":[{"href":"https:\/\/www.mrtrader.com.ar\/index.php?rest_route=\/wp\/v2\/types\/post"}],"author":[{"embeddable":true,"href":"https:\/\/www.mrtrader.com.ar\/index.php?rest_route=\/wp\/v2\/users\/1"}],"replies":[{"embeddable":true,"href":"https:\/\/www.mrtrader.com.ar\/index.php?rest_route=%2Fwp%2Fv2%2Fcomments&post=3210"}],"version-history":[{"count":0,"href":"https:\/\/www.mrtrader.com.ar\/index.php?rest_route=\/wp\/v2\/posts\/3210\/revisions"}],"wp:attachment":[{"href":"https:\/\/www.mrtrader.com.ar\/index.php?rest_route=%2Fwp%2Fv2%2Fmedia&parent=3210"}],"wp:term":[{"taxonomy":"category","embeddable":true,"href":"https:\/\/www.mrtrader.com.ar\/index.php?rest_route=%2Fwp%2Fv2%2Fcategories&post=3210"},{"taxonomy":"post_tag","embeddable":true,"href":"https:\/\/www.mrtrader.com.ar\/index.php?rest_route=%2Fwp%2Fv2%2Ftags&post=3210"}],"curies":[{"name":"wp","href":"https:\/\/api.w.org\/{rel}","templated":true}]}}